{"id":961,"date":"2016-02-09T19:53:36","date_gmt":"2016-02-09T18:53:36","guid":{"rendered":"http:\/\/www.mbnp.archidiecezja.wroc.pl\/wordpress\/?p=961"},"modified":"2016-03-19T19:29:16","modified_gmt":"2016-03-19T18:29:16","slug":"961","status":"publish","type":"post","link":"http:\/\/www.mbnp.archidiecezja.wroc.pl\/?p=961","title":{"rendered":"Wielki Post w Roku Mi\u0142osierdzia"},"content":{"rendered":"<p style=\"text-align: right;\"><em>\u201eWiosna jest tym dla ziemi, czym mi\u0142osierdzie jest dla postu\u201d.<\/em><br \/>\n\u015aw. Jan Chryzolog (zm.ok. 450r.)<\/p>\n<p><a href=\"http:\/\/www.mbnp.archidiecezja.wroc.pl\/wp-content\/uploads\/2016\/02\/Wielki_Post_2016_2.jpg\" rel=\"lightbox[961]\"><img decoding=\"async\" loading=\"lazy\" class=\"alignnone wp-image-968 size-medium\" src=\"http:\/\/www.mbnp.archidiecezja.wroc.pl\/wp-content\/uploads\/2016\/02\/Wielki_Post_2016_2-300x150.jpg\" alt=\"This dramatic lighting with storm clouds breaking and sunshine bursting through makes a great Easter photo illustration of Jesus dying on the cross and rising again.\" width=\"300\" height=\"150\" srcset=\"http:\/\/www.mbnp.archidiecezja.wroc.pl\/wp-content\/uploads\/2016\/02\/Wielki_Post_2016_2-300x150.jpg 300w, http:\/\/www.mbnp.archidiecezja.wroc.pl\/wp-content\/uploads\/2016\/02\/Wielki_Post_2016_2.jpg 700w\" sizes=\"(max-width: 300px) 100vw, 300px\" \/><\/a><\/p>\n<h3 style=\"text-align: center;\">Wielki Post w Roku Mi\u0142osierdzia<\/h3>\n<p style=\"text-indent: 1cm;\">W Roku Mi\u0142osierdzia, og\u0142oszonym przez Papie\u017ca Franciszka warto podj\u0105\u0107 refleksj\u0119 nad znaczeniem postu w kontek\u015bcie mi\u0142osierdzia &#8211; czynnej mi\u0142o\u015bci bli\u017aniego.<\/p>\n<p style=\"text-indent: 1cm;\">Post dla chrze\u015bcijan powinien by\u0107 duchowym przygotowaniem do dzielenia si\u0119 posi\u0142kiem, dobrem, kt\u00f3re pot\u0119guj\u0105c nasz g\u0142\u00f3d, pozwoli nam zasi\u0105\u015b\u0107 do sto\u0142u Wieczerzy Baranka. Post jest oderwaniem nie tylko od jedzenia lecz tak\u017ce od grzech\u00f3w. Grzech\u00f3w, kt\u00f3re oddalaj\u0105 nas od Boga. Tu post nabiera charakteru pokuty, kt\u00f3ra spe\u0142nia si\u0119 w sakramencie spowiedzi. Taki te\u017c charakter (pokutny) nadaje postowi Kodeks Prawa Kanonicznego (1249-1253). R\u00f3wnie wa\u017cnym wymiarem postu, niejako nadaj\u0105cym mu pe\u0142ny sens, jest wymiar mistyczny. Oznacza to, \u017ce przyjmuj\u0105c post w wymiarze chrze\u015bcija\u0144skim rozpoczynamy drog\u0119 ku \u015bwi\u0119tom wielkanocnym, kt\u00f3re nabieraj\u0105 wymiaru \u015bwi\u0119ta wewn\u0119trznego, \u015bwi\u0119ta w kt\u00f3rym wys\u0142awiamy Imi\u0119 Pana dzi\u0119kuj\u0105c Mu i uto\u017csamiaj\u0105c si\u0119 z Jego wielk\u0105 ofiar\u0105 &#8211; Ofiar\u0105 Krzy\u017ca.<\/p>\n<p style=\"text-indent: 1cm;\">Warto nadmieni\u0107, \u017ce post sam w sobie nie jest cnot\u0105. Czyniony w imi\u0119 urody, zdrowia jest osobist\u0105 spraw\u0105 cz\u0142owieka, pozbawion\u0105 charakteru mistycznego. Post staje si\u0119 cnot\u0105, czyli zdolno\u015bci\u0105 do czynienia dobra moralnego stale i z rado\u015bci\u0105, wbrew napotykanym przeszkodom, poprzez wsp\u00f3\u0142prac\u0119 intencji naszej sfery duchowej (wewn\u0119trznego nawr\u00f3cenia) oraz czyn\u00f3w o charakterze pokutnym (ograniczenie ilo\u015bciowe i\/lub jako\u015bciowe posi\u0142k\u00f3w, wyrzeczenie si\u0119 r\u00f3\u017cnych form z\u0142a ograniczaj\u0105cych nasz\u0105 wolno\u015b\u0107 czyli na\u0142og\u00f3w) po\u0142\u0105czonych z uczynkami mi\u0142osierdzia. Dopiero post wsparty modlitw\u0105 nabiera warto\u015bci moralnej. Co wi\u0119cej, post przez sw\u00f3j mistyczny i doksjologiczny (wychwalaj\u0105cy imi\u0119 Boga) charakter, staje si\u0119 modlitw\u0105 w wymiarze eschatologicznym, czyli rado\u015bci\u0105 ze Zmartwychwstania Pana oraz nadziej\u0105 na wieczn\u0105 rado\u015b\u0107 w Niebie.<\/p>\n<p style=\"text-indent: 1cm;\">Jaki post jest mi\u0142y Bogu? Odpowied\u017a znajdziemy w Starym Testamencie u Proroka Izajasza (Iz 58,5-9), kt\u00f3ry m\u00f3wi\u0105c o po\u015bcie wymienia uczynki mi\u0142osierdzia: <em>\u201ez g\u0142odnym dzieli\u0107 si\u0119 chlebem, przyj\u0105\u0107 do domu biednych i bezdomnych, przyodzia\u0107 nagiego, kt\u00f3rego zobaczysz i nie odwraca\u0107 si\u0119 od swoich bliskich\u201d.<\/em> Ten katalog czyn\u00f3w mi\u0142osierdzia dope\u0142nia \u015bw. Franciszek Salezy: <em>\u201eNie tylko ten, kto powstrzymuje si\u0119 od jedzenia post\u0119puje dobrze, ale ten, kto powstrzymuje si\u0119 od niew\u0142a\u015bciwego dzia\u0142ania, tego post b\u0119dzie przyj\u0119ty. Bo je\u015bli poszcz\u0105c nie czuwasz, by nie m\u00f3wi\u0107 \u017ale swoimi ustami, nie umiesz powstrzyma\u0107 si\u0119 od z\u0142o\u015bci, k\u0142amstwa, krzywoprzysi\u0119stwa, je\u015bli m\u00f3wisz \u017ale o innych, je\u015bli to wychodzi z ust, kt\u00f3re poszcz\u0105, nie ma sensu po\u015bci\u0107 i jest on czyniony na pr\u00f3\u017cno. Kiedy po\u015bcisz oczy\u015b\u0107 si\u0119 z wszelkiej mi\u0142o\u015bci do pieni\u0119dzy, bo ten kto kocha pieni\u0105dze, nie mo\u017ce kocha\u0107 Boga.\u201d<\/em><\/p>\n<p style=\"text-indent: 1cm;\">\u015aw. Ojciec Pio jako jeden z warunk\u00f3w dobrego postu wskazuje cisz\u0119. Post powinien by\u0107 prowadzony w ciszy \u2013 naszym wewn\u0119trznym skupieniu pe\u0142nym pokory, modlitwy, oddalonym od zgie\u0142ku codziennego \u017cycia. Taka cisza jest mi\u0142a Bogu. Taka cisza to nasza rozmowa z Bogiem. To nie nasz monolog, ale dialog. W tej ciszy s\u0142yszymy co B\u00f3g do nas m\u00f3wi, potrafimy rozpozna\u0107 jego znaki ukryte\u00a0 przez krzykliw\u0105 codzienno\u015b\u0107.<\/p>\n<p style=\"text-indent: 1cm;\">Celem postu powinno by\u0107 postawienie Boga w centrum naszego \u017cycia. Przekszta\u0142cenie g\u0142odu cia\u0142a (wyrzecze\u0144) w g\u0142\u00f3d spotkania z lektur\u0105 S\u0142owa Bo\u017cego, spotkania z Nim przez modlitw\u0119 i uczynki mi\u0142osierdzia.<\/p>\n<p style=\"text-indent: 1cm;\">Jak w Roku Mi\u0142osierdzia prze\u017cywa\u0107 post? Jak poprzez post w\u0142\u0105czy\u0107 si\u0119 w misj\u0119 mi\u0142osierdzia? Podstawowym uczynkiem mi\u0142osierdzia wynikaj\u0105cym z postu jest ja\u0142mu\u017cna. Ja\u0142mu\u017cna nabiera szczeg\u00f3lnego daru mi\u0142o\u015bci, je\u017celi jej \u017ar\u00f3d\u0142o jest w tym, czego nam\u00a0 nie zbywa, o co zabiegamy z trudem. W tym czasie dzielmy si\u0119 wi\u0119c ochoczo z innymi, zw\u0142aszcza potrzebuj\u0105cymi, kieruj\u0105c si\u0119 mi\u0142o\u015bci\u0105, wspierajmy dzie\u0142a CARITAS i innych organizacji charytatywnych. Przecie\u017c mi\u0142osierdzie to czynna mi\u0142o\u015b\u0107 bli\u017aniego \u2013 sta\u0144my si\u0119 misjonarzami Bo\u017cego mi\u0142osierdzia.<\/p>\n<p style=\"text-indent: 1cm;\">Znacz\u0105cy jest te\u017c kontekst przyczynowo skutkowy postu. Jak napisa\u0142 \u015bw. Jan Kasjan (365-435): <em>\u201enie trzeba praktykowa\u0107 mi\u0142osierdzia, cierpliwo\u015bci i mi\u0142o\u015bci z powodu postu [&#8230;], ale trzeba praktykowa\u0107 post dla tych cn\u00f3t. Asceza ma sens tylko wtedy, gdy sprawia wzrost mi\u0142o\u015bci, kt\u00f3ra jest dobrem wiecznym i doskonale niezniszczalnym.\u201d<\/em><\/p>\n<p style=\"text-indent: 1cm;\">Podobnie \u015bw. Piotr Chryzolog (zm. ok. 450) u\u015bwiadamia nam: <em>\u201ePost jest g\u0142odny, post jest spragniony, je\u017celi wsp\u00f3\u0142czucie nie jest mu dane w jedzeniu, je\u017celi \u0142aska, podlewaj\u0105c go, nie s\u0142u\u017cy mu do picia. Post odczuwa zimno, brak si\u0142y, gdy ja\u0142mu\u017cna nie ubiera si\u0119 w swoja we\u0142n\u0119, gdy mi\u0142osierdzie nie okrywa go ubraniem\u201d.<\/em><\/p>\n<p style=\"text-indent: 1cm;\">Mi\u0142osierdzie to tre\u015b\u0107 dialogu cz\u0142owieka z Bogiem, dialogu, w kt\u00f3rym cz\u0142owiek przemienia si\u0119 wewn\u0119trznie w duchu mi\u0142o\u015bci do bliskich, a przez to dociera do mi\u0142osiernej mi\u0142o\u015bci Boga.<\/p>\n<p style=\"text-indent: 1cm;\">Na koniec pragn\u0119 \u017cyczy\u0107 nam wszystkim, powtarzaj\u0105c za Papie\u017cem Franciszkiem,\u00a0 aby owoce Wielkiego Postu sta\u0142y si\u0119 \u201ewysp\u0105 mi\u0142osierdzia na morzu oboj\u0119tno\u015bci\u201d, i aby nasze akty mi\u0142osierdzia by\u0142y znakami udzia\u0142u w powszechnym cz\u0142owiecze\u0144stwie.<\/p>\n<p style=\"text-indent: 1cm;\">Prze\u017cywaj\u0105c Wielki Post zanie\u015bmy w procesji z darami nasz\u0105 mi\u0142o\u015b\u0107, wspart\u0105 na uczynkach mi\u0142osierdzia, kt\u00f3re przybli\u017c\u0105 nas, upodobni\u0105, do naszego Pana Jezusa Chrystusa.<\/p>\n<p style=\"text-align: right;\">Autor: Krzysztof Okurowski<\/p>\n<hr \/>\n<p style=\"font-size: small;\">Bibliografia:<br \/>\n1.\u00a0\u00a0 \u00a0Pismo \u015awi\u0119te, Edycja \u015bw.Paw\u0142a 2009r.<br \/>\n2.\u00a0\u00a0 \u00a0Jan Pawe\u0142 II, EncyklikaDives in misericordia<br \/>\n3.\u00a0\u00a0 \u00a0Papie\u017c Franciszek, Or\u0119dzie Ojca \u015awi\u0119tego Franciszka na Wielki Post 2015 r.<br \/>\n4.\u00a0\u00a0 \u00a0Communio 4(188), Patrick Descourtieux, Post i ja\u0142mu\u017cna w kazaniach \u015bw. Leona Wielkiego<br \/>\n5.\u00a0\u00a0 \u00a0Communio 4 (188), Ks. Jean Robert Armogathe, Chrze\u015bcija\u0144ski Post<\/p>\n","protected":false},"excerpt":{"rendered":"<p>\u201eWiosna jest tym dla ziemi, czym mi\u0142osierdzie jest dla postu\u201d. \u015aw. Jan Chryzolog (zm.ok. 450r.) Wielki Post w Roku Mi\u0142osierdzia W Roku Mi\u0142osierdzia, og\u0142oszonym przez Papie\u017ca Franciszka warto podj\u0105\u0107 refleksj\u0119 &#8230;<\/p>\n","protected":false},"author":7,"featured_media":0,"comment_status":"closed","ping_status":"open","sticky":false,"template":"","format":"standard","meta":[],"categories":[10],"tags":[],"_links":{"self":[{"href":"http:\/\/www.mbnp.archidiecezja.wroc.pl\/index.php?rest_route=\/wp\/v2\/posts\/961"}],"collection":[{"href":"http:\/\/www.mbnp.archidiecezja.wroc.pl\/index.php?rest_route=\/wp\/v2\/posts"}],"about":[{"href":"http:\/\/www.mbnp.archidiecezja.wroc.pl\/index.php?rest_route=\/wp\/v2\/types\/post"}],"author":[{"embeddable":true,"href":"http:\/\/www.mbnp.archidiecezja.wroc.pl\/index.php?rest_route=\/wp\/v2\/users\/7"}],"replies":[{"embeddable":true,"href":"http:\/\/www.mbnp.archidiecezja.wroc.pl\/index.php?rest_route=%2Fwp%2Fv2%2Fcomments&post=961"}],"version-history":[{"count":8,"href":"http:\/\/www.mbnp.archidiecezja.wroc.pl\/index.php?rest_route=\/wp\/v2\/posts\/961\/revisions"}],"predecessor-version":[{"id":1042,"href":"http:\/\/www.mbnp.archidiecezja.wroc.pl\/index.php?rest_route=\/wp\/v2\/posts\/961\/revisions\/1042"}],"wp:attachment":[{"href":"http:\/\/www.mbnp.archidiecezja.wroc.pl\/index.php?rest_route=%2Fwp%2Fv2%2Fmedia&parent=961"}],"wp:term":[{"taxonomy":"category","embeddable":true,"href":"http:\/\/www.mbnp.archidiecezja.wroc.pl\/index.php?rest_route=%2Fwp%2Fv2%2Fcategories&post=961"},{"taxonomy":"post_tag","embeddable":true,"href":"http:\/\/www.mbnp.archidiecezja.wroc.pl\/index.php?rest_route=%2Fwp%2Fv2%2Ftags&post=961"}],"curies":[{"name":"wp","href":"https:\/\/api.w.org\/{rel}","templated":true}]}}