{"id":954,"date":"2016-01-21T12:25:49","date_gmt":"2016-01-21T11:25:49","guid":{"rendered":"http:\/\/www.mbnp.archidiecezja.wroc.pl\/wordpress\/?p=954"},"modified":"2016-02-28T12:26:04","modified_gmt":"2016-02-28T11:26:04","slug":"koncert-skaldow-moje-betlejem","status":"publish","type":"post","link":"http:\/\/www.mbnp.archidiecezja.wroc.pl\/?p=954","title":{"rendered":"Koncert Skald\u00f3w &#8211; &#8222;Moje Betlejem&#8221;"},"content":{"rendered":"<p style=\"text-align: center;\"><b>Zapraszamy do obejrzenia galerii zdj\u0119\u0107 z koncertu zespo\u0142u Skald\u00f3w, kt\u00f3ry odby\u0142 si\u0119 w ramach Europejskiej Stolicy Kultury Wroc\u0142aw 2016, a zorganizowany by\u0142 wsp\u00f3lnie przez Radio Rodzina i nasz\u0105 parafi\u0119. <\/b><\/p>\n<p style=\"text-align: center;\">Koncert odby\u0142 si\u0119 w sobot\u0119 16 stycznia 2016 w naszej parafii. Zesp\u00f3\u0142 Skaldowie zago\u015bci\u0142 ze swoim Bo\u017conarodzeniowym repertuarem &#8222;Moje Betlejem&#8221; i zaprezentowa\u0142 wiele kol\u0119d i pastora\u0142ek przeplatanych \u015bwiadectwami i rozwa\u017caniami na temat tajemnicy narodzenia Pana Jezusa.<\/p>\n<h3 style=\"text-align: center;\"><a href=\"http:\/\/www.mbnp.archidiecezja.wroc.pl\/?page_id=473&amp;album=2016KoncertSkaldowMojeBetlejem16012016\">GALERIA<\/a><\/h3>\n<p>&nbsp;<\/p>\n<p><img decoding=\"async\" loading=\"lazy\" class=\"aligncenter wp-image-956 size-full\" src=\"http:\/\/www.mbnp.archidiecezja.wroc.pl\/wp-content\/uploads\/2016\/01\/Skaldowie_2.jpg\" alt=\"SONY DSC\" width=\"918\" height=\"611\" srcset=\"http:\/\/www.mbnp.archidiecezja.wroc.pl\/wp-content\/uploads\/2016\/01\/Skaldowie_2.jpg 918w, http:\/\/www.mbnp.archidiecezja.wroc.pl\/wp-content\/uploads\/2016\/01\/Skaldowie_2-300x200.jpg 300w\" sizes=\"(max-width: 918px) 100vw, 918px\" \/><\/p>\n<p>&nbsp;<\/p>\n","protected":false},"excerpt":{"rendered":"<p>Zapraszamy do obejrzenia galerii zdj\u0119\u0107 z koncertu zespo\u0142u Skald\u00f3w, kt\u00f3ry odby\u0142 si\u0119 w ramach Europejskiej Stolicy Kultury Wroc\u0142aw 2016, a zorganizowany by\u0142 wsp\u00f3lnie przez Radio Rodzina i nasz\u0105 parafi\u0119. Koncert &#8230;<\/p>\n","protected":false},"author":7,"featured_media":0,"comment_status":"closed","ping_status":"open","sticky":false,"template":"","format":"standard","meta":[],"categories":[10],"tags":[],"_links":{"self":[{"href":"http:\/\/www.mbnp.archidiecezja.wroc.pl\/index.php?rest_route=\/wp\/v2\/posts\/954"}],"collection":[{"href":"http:\/\/www.mbnp.archidiecezja.wroc.pl\/index.php?rest_route=\/wp\/v2\/posts"}],"about":[{"href":"http:\/\/www.mbnp.archidiecezja.wroc.pl\/index.php?rest_route=\/wp\/v2\/types\/post"}],"author":[{"embeddable":true,"href":"http:\/\/www.mbnp.archidiecezja.wroc.pl\/index.php?rest_route=\/wp\/v2\/users\/7"}],"replies":[{"embeddable":true,"href":"http:\/\/www.mbnp.archidiecezja.wroc.pl\/index.php?rest_route=%2Fwp%2Fv2%2Fcomments&post=954"}],"version-history":[{"count":6,"href":"http:\/\/www.mbnp.archidiecezja.wroc.pl\/index.php?rest_route=\/wp\/v2\/posts\/954\/revisions"}],"predecessor-version":[{"id":1219,"href":"http:\/\/www.mbnp.archidiecezja.wroc.pl\/index.php?rest_route=\/wp\/v2\/posts\/954\/revisions\/1219"}],"wp:attachment":[{"href":"http:\/\/www.mbnp.archidiecezja.wroc.pl\/index.php?rest_route=%2Fwp%2Fv2%2Fmedia&parent=954"}],"wp:term":[{"taxonomy":"category","embeddable":true,"href":"http:\/\/www.mbnp.archidiecezja.wroc.pl\/index.php?rest_route=%2Fwp%2Fv2%2Fcategories&post=954"},{"taxonomy":"post_tag","embeddable":true,"href":"http:\/\/www.mbnp.archidiecezja.wroc.pl\/index.php?rest_route=%2Fwp%2Fv2%2Ftags&post=954"}],"curies":[{"name":"wp","href":"https:\/\/api.w.org\/{rel}","templated":true}]}}