{"id":947,"date":"2015-10-10T22:32:50","date_gmt":"2015-10-10T20:32:50","guid":{"rendered":"http:\/\/www.mbnp.archidiecezja.wroc.pl\/wordpress\/?p=947"},"modified":"2016-02-25T23:44:54","modified_gmt":"2016-02-25T22:44:54","slug":"filmowe-rekolekcje-ewangelizacyjne","status":"publish","type":"post","link":"http:\/\/www.mbnp.archidiecezja.wroc.pl\/?p=947","title":{"rendered":"Filmowe Rekolekcje Ewangelizacyjne"},"content":{"rendered":"<p style=\"text-align: center;\">\nZapraszamy na:<\/p>\n<p style=\"text-align: center;\"><b>FILMOWE\u00a0\u00a0 REKOLEKCJE\u00a0\u00a0 EWANGELIZACYJNE<\/b><\/p>\n<p style=\"text-align: center;\">\u00a0 kt\u00f3re odb\u0119d\u0105 si\u0119 w naszej parafii w dniach <b>24 &#8211; 26 pa\u017adziernika 2015 r.<\/b><\/p>\n<p style=\"text-align: center;\">W tym czasie odb\u0119d\u0105 si\u0119 projekcje niezwykle poruszaj\u0105cych film\u00f3w:<\/p>\n<p style=\"text-align: center;\"><b>1. &#8222;Ostatnie wezwanie&#8221; \u2013 24 pa\u017adziernika (sobota) godz. 19:00<\/b><\/p>\n<p style=\"text-align: center;\"><i>(Po projekcji Akt Oddania si\u0119 Matce Bo\u017cej w Macierzy\u0144sk\u0105 Niewol\u0119 Mi\u0142o\u015bci)<\/i><\/p>\n<p style=\"text-align: center;\"><b>2. &#8222;Ja Jestem&#8221; \u2013 25 pa\u017adziernika (niedziela) godz.19:00<\/b><\/p>\n<p style=\"text-align: center;\"><i>(Po projekcji adoracja Pana Jezusa w Naj\u015bwi\u0119tszym Sakramencie)<\/i><\/p>\n<p style=\"text-align: center;\"><b>3. &#8222;Najwi\u0119kszy z cud\u00f3w&#8221; \u2013 26 pa\u017adziernika (poniedzia\u0142ek) godz. 19:00<\/b><\/p>\n<p style=\"text-align: center;\">W tym czasie b\u0119dziemy tak\u017ce go\u015bci\u0107 p. Benona Wylega\u0142\u0119 za\u0142o\u017cyciela Filmowego Ruchu Ewangelizacyjnego z Bielska-Bia\u0142ej, kt\u00f3ry\u00a0 poprowadzi spotkania ewangelizacyjne i z\u0142o\u017cy swoje \u015bwiadectwo wiary.<\/p>\n<h4 style=\"text-align: center;\">ZAPRASZAMY NA PROJEKCJE !<\/h4>\n<p>WST\u0118P WOLNY !<\/p>\n","protected":false},"excerpt":{"rendered":"<p>Zapraszamy na: FILMOWE\u00a0\u00a0 REKOLEKCJE\u00a0\u00a0 EWANGELIZACYJNE \u00a0 kt\u00f3re odb\u0119d\u0105 si\u0119 w naszej parafii w dniach 24 &#8211; 26 pa\u017adziernika 2015 r. W tym czasie odb\u0119d\u0105 si\u0119 projekcje niezwykle poruszaj\u0105cych film\u00f3w: 1. &#8230;<\/p>\n","protected":false},"author":7,"featured_media":0,"comment_status":"closed","ping_status":"open","sticky":false,"template":"","format":"standard","meta":[],"categories":[10],"tags":[],"_links":{"self":[{"href":"http:\/\/www.mbnp.archidiecezja.wroc.pl\/index.php?rest_route=\/wp\/v2\/posts\/947"}],"collection":[{"href":"http:\/\/www.mbnp.archidiecezja.wroc.pl\/index.php?rest_route=\/wp\/v2\/posts"}],"about":[{"href":"http:\/\/www.mbnp.archidiecezja.wroc.pl\/index.php?rest_route=\/wp\/v2\/types\/post"}],"author":[{"embeddable":true,"href":"http:\/\/www.mbnp.archidiecezja.wroc.pl\/index.php?rest_route=\/wp\/v2\/users\/7"}],"replies":[{"embeddable":true,"href":"http:\/\/www.mbnp.archidiecezja.wroc.pl\/index.php?rest_route=%2Fwp%2Fv2%2Fcomments&post=947"}],"version-history":[{"count":2,"href":"http:\/\/www.mbnp.archidiecezja.wroc.pl\/index.php?rest_route=\/wp\/v2\/posts\/947\/revisions"}],"predecessor-version":[{"id":1236,"href":"http:\/\/www.mbnp.archidiecezja.wroc.pl\/index.php?rest_route=\/wp\/v2\/posts\/947\/revisions\/1236"}],"wp:attachment":[{"href":"http:\/\/www.mbnp.archidiecezja.wroc.pl\/index.php?rest_route=%2Fwp%2Fv2%2Fmedia&parent=947"}],"wp:term":[{"taxonomy":"category","embeddable":true,"href":"http:\/\/www.mbnp.archidiecezja.wroc.pl\/index.php?rest_route=%2Fwp%2Fv2%2Fcategories&post=947"},{"taxonomy":"post_tag","embeddable":true,"href":"http:\/\/www.mbnp.archidiecezja.wroc.pl\/index.php?rest_route=%2Fwp%2Fv2%2Ftags&post=947"}],"curies":[{"name":"wp","href":"https:\/\/api.w.org\/{rel}","templated":true}]}}