{"id":8239,"date":"2026-03-06T21:59:06","date_gmt":"2026-03-06T20:59:06","guid":{"rendered":"http:\/\/www.mbnp.archidiecezja.wroc.pl\/?p=8239"},"modified":"2026-03-29T20:49:48","modified_gmt":"2026-03-29T18:49:48","slug":"ekstremalna-droga-krzyzowa-2","status":"publish","type":"post","link":"http:\/\/www.mbnp.archidiecezja.wroc.pl\/?p=8239","title":{"rendered":"Ekstremalna Droga Krzy\u017cowa"},"content":{"rendered":"\n\n<p>20 marca 2026r. z naszego Ko\u015bcio\u0142a wyrusza Ekstremalna Droga Krzy\u017cowa. W tym roku idziemy do Sanktuarium Podwy\u017cszenia Krzy\u017ca \u015awi\u0119tego z Kaplic\u0105 \u015awi\u0119tych Schod\u00f3w w So\u015bnicy. Zapisy i wszystkie informacje na stronie internetowej:<\/p>\n<p><blockquote class=\"wp-embedded-content\" data-secret=\"3Qpk4I60GK\"><a href=\"https:\/\/www.edk.org.pl\/\">EDK<\/a><\/blockquote><iframe class=\"wp-embedded-content\" sandbox=\"allow-scripts\" security=\"restricted\" style=\"position: absolute; clip: rect(1px, 1px, 1px, 1px);\" title=\"&#8222;EDK&#8221; &#8212; Edk\" src=\"https:\/\/www.edk.org.pl\/embed\/#?secret=7fFliGuNds#?secret=3Qpk4I60GK\" data-secret=\"3Qpk4I60GK\" width=\"600\" height=\"338\" frameborder=\"0\" marginwidth=\"0\" marginheight=\"0\" scrolling=\"no\"><\/iframe><\/p>\n<p>\u00a0<\/p>\n\n\n<figure class=\"wp-block-image size-large\"><a href=\"http:\/\/www.mbnp.archidiecezja.wroc.pl\/wp-content\/uploads\/2026\/03\/Plakat-2026.jpg\" rel=\"lightbox[8239]\"><img decoding=\"async\" loading=\"lazy\" width=\"1024\" height=\"1010\" src=\"http:\/\/www.mbnp.archidiecezja.wroc.pl\/wp-content\/uploads\/2026\/03\/Plakat-2026-1024x1010.jpg\" alt=\"\" class=\"wp-image-8240\" srcset=\"http:\/\/www.mbnp.archidiecezja.wroc.pl\/wp-content\/uploads\/2026\/03\/Plakat-2026-1024x1010.jpg 1024w, http:\/\/www.mbnp.archidiecezja.wroc.pl\/wp-content\/uploads\/2026\/03\/Plakat-2026-300x296.jpg 300w, http:\/\/www.mbnp.archidiecezja.wroc.pl\/wp-content\/uploads\/2026\/03\/Plakat-2026-768x758.jpg 768w, http:\/\/www.mbnp.archidiecezja.wroc.pl\/wp-content\/uploads\/2026\/03\/Plakat-2026.jpg 1407w\" sizes=\"(max-width: 1024px) 100vw, 1024px\" \/><\/a><\/figure>\n","protected":false},"excerpt":{"rendered":"<p>20 marca 2026r. z naszego Ko\u015bcio\u0142a wyrusza Ekstremalna Droga Krzy\u017cowa. W tym roku idziemy do Sanktuarium Podwy\u017cszenia Krzy\u017ca \u015awi\u0119tego z Kaplic\u0105 \u015awi\u0119tych Schod\u00f3w w So\u015bnicy. Zapisy i wszystkie informacje na &#8230;<\/p>\n","protected":false},"author":7,"featured_media":8242,"comment_status":"closed","ping_status":"closed","sticky":false,"template":"","format":"standard","meta":[],"categories":[10],"tags":[],"_links":{"self":[{"href":"http:\/\/www.mbnp.archidiecezja.wroc.pl\/index.php?rest_route=\/wp\/v2\/posts\/8239"}],"collection":[{"href":"http:\/\/www.mbnp.archidiecezja.wroc.pl\/index.php?rest_route=\/wp\/v2\/posts"}],"about":[{"href":"http:\/\/www.mbnp.archidiecezja.wroc.pl\/index.php?rest_route=\/wp\/v2\/types\/post"}],"author":[{"embeddable":true,"href":"http:\/\/www.mbnp.archidiecezja.wroc.pl\/index.php?rest_route=\/wp\/v2\/users\/7"}],"replies":[{"embeddable":true,"href":"http:\/\/www.mbnp.archidiecezja.wroc.pl\/index.php?rest_route=%2Fwp%2Fv2%2Fcomments&post=8239"}],"version-history":[{"count":2,"href":"http:\/\/www.mbnp.archidiecezja.wroc.pl\/index.php?rest_route=\/wp\/v2\/posts\/8239\/revisions"}],"predecessor-version":[{"id":8244,"href":"http:\/\/www.mbnp.archidiecezja.wroc.pl\/index.php?rest_route=\/wp\/v2\/posts\/8239\/revisions\/8244"}],"wp:featuredmedia":[{"embeddable":true,"href":"http:\/\/www.mbnp.archidiecezja.wroc.pl\/index.php?rest_route=\/wp\/v2\/media\/8242"}],"wp:attachment":[{"href":"http:\/\/www.mbnp.archidiecezja.wroc.pl\/index.php?rest_route=%2Fwp%2Fv2%2Fmedia&parent=8239"}],"wp:term":[{"taxonomy":"category","embeddable":true,"href":"http:\/\/www.mbnp.archidiecezja.wroc.pl\/index.php?rest_route=%2Fwp%2Fv2%2Fcategories&post=8239"},{"taxonomy":"post_tag","embeddable":true,"href":"http:\/\/www.mbnp.archidiecezja.wroc.pl\/index.php?rest_route=%2Fwp%2Fv2%2Ftags&post=8239"}],"curies":[{"name":"wp","href":"https:\/\/api.w.org\/{rel}","templated":true}]}}