{"id":6511,"date":"2023-03-23T20:44:54","date_gmt":"2023-03-23T19:44:54","guid":{"rendered":"http:\/\/www.mbnp.archidiecezja.wroc.pl\/?p=6511"},"modified":"2023-04-03T11:58:04","modified_gmt":"2023-04-03T09:58:04","slug":"dziekczynne-triduum-za-dar-zycia-i-swietosci-jana-pawla-ii","status":"publish","type":"post","link":"http:\/\/www.mbnp.archidiecezja.wroc.pl\/?p=6511","title":{"rendered":"Dzi\u0119kczynne Triduum za dar \u017cycia i \u015bwi\u0119to\u015bci Jana Paw\u0142a II"},"content":{"rendered":"\n<figure class=\"wp-block-image\"><img decoding=\"async\" loading=\"lazy\" width=\"683\" height=\"1024\" src=\"http:\/\/www.mbnp.archidiecezja.wroc.pl\/wp-content\/uploads\/2023\/03\/Pastel-4-Point-for-Marketing-Plan-Pinterest-Pin-683x1024.jpg\" alt=\"\" class=\"wp-image-6514\" srcset=\"http:\/\/www.mbnp.archidiecezja.wroc.pl\/wp-content\/uploads\/2023\/03\/Pastel-4-Point-for-Marketing-Plan-Pinterest-Pin-683x1024.jpg 683w, http:\/\/www.mbnp.archidiecezja.wroc.pl\/wp-content\/uploads\/2023\/03\/Pastel-4-Point-for-Marketing-Plan-Pinterest-Pin-200x300.jpg 200w, http:\/\/www.mbnp.archidiecezja.wroc.pl\/wp-content\/uploads\/2023\/03\/Pastel-4-Point-for-Marketing-Plan-Pinterest-Pin-768x1152.jpg 768w, http:\/\/www.mbnp.archidiecezja.wroc.pl\/wp-content\/uploads\/2023\/03\/Pastel-4-Point-for-Marketing-Plan-Pinterest-Pin.jpg 1000w\" sizes=\"(max-width: 683px) 100vw, 683px\" \/><\/figure>\n","protected":false},"excerpt":{"rendered":"","protected":false},"author":7,"featured_media":0,"comment_status":"closed","ping_status":"closed","sticky":false,"template":"","format":"standard","meta":[],"categories":[10],"tags":[],"_links":{"self":[{"href":"http:\/\/www.mbnp.archidiecezja.wroc.pl\/index.php?rest_route=\/wp\/v2\/posts\/6511"}],"collection":[{"href":"http:\/\/www.mbnp.archidiecezja.wroc.pl\/index.php?rest_route=\/wp\/v2\/posts"}],"about":[{"href":"http:\/\/www.mbnp.archidiecezja.wroc.pl\/index.php?rest_route=\/wp\/v2\/types\/post"}],"author":[{"embeddable":true,"href":"http:\/\/www.mbnp.archidiecezja.wroc.pl\/index.php?rest_route=\/wp\/v2\/users\/7"}],"replies":[{"embeddable":true,"href":"http:\/\/www.mbnp.archidiecezja.wroc.pl\/index.php?rest_route=%2Fwp%2Fv2%2Fcomments&post=6511"}],"version-history":[{"count":2,"href":"http:\/\/www.mbnp.archidiecezja.wroc.pl\/index.php?rest_route=\/wp\/v2\/posts\/6511\/revisions"}],"predecessor-version":[{"id":6515,"href":"http:\/\/www.mbnp.archidiecezja.wroc.pl\/index.php?rest_route=\/wp\/v2\/posts\/6511\/revisions\/6515"}],"wp:attachment":[{"href":"http:\/\/www.mbnp.archidiecezja.wroc.pl\/index.php?rest_route=%2Fwp%2Fv2%2Fmedia&parent=6511"}],"wp:term":[{"taxonomy":"category","embeddable":true,"href":"http:\/\/www.mbnp.archidiecezja.wroc.pl\/index.php?rest_route=%2Fwp%2Fv2%2Fcategories&post=6511"},{"taxonomy":"post_tag","embeddable":true,"href":"http:\/\/www.mbnp.archidiecezja.wroc.pl\/index.php?rest_route=%2Fwp%2Fv2%2Ftags&post=6511"}],"curies":[{"name":"wp","href":"https:\/\/api.w.org\/{rel}","templated":true}]}}