{"id":6409,"date":"2023-01-27T13:53:46","date_gmt":"2023-01-27T12:53:46","guid":{"rendered":"http:\/\/www.mbnp.archidiecezja.wroc.pl\/?p=6409"},"modified":"2023-02-22T11:11:38","modified_gmt":"2023-02-22T10:11:38","slug":"podziekowanie-za-przyjecie-duszpasterzy-podczas-wizyty-duszpasterskiej-koledy","status":"publish","type":"post","link":"http:\/\/www.mbnp.archidiecezja.wroc.pl\/?p=6409","title":{"rendered":"Podzi\u0119kowanie za przyj\u0119cie Duszpasterzy podczas Wizyty Duszpasterskiej- Kol\u0119dy"},"content":{"rendered":"\n<figure class=\"wp-block-image\"><img decoding=\"async\" loading=\"lazy\" width=\"1024\" height=\"576\" src=\"http:\/\/www.mbnp.archidiecezja.wroc.pl\/wp-content\/uploads\/2023\/01\/Br\u0105zowy-i-Be\u017cowy-Album-z-Wycinkami-Wprowadzenie-do-Geografii-Edukacja-Prezentacja-1024x576.jpg\" alt=\"\" class=\"wp-image-6411\" srcset=\"http:\/\/www.mbnp.archidiecezja.wroc.pl\/wp-content\/uploads\/2023\/01\/Br\u0105zowy-i-Be\u017cowy-Album-z-Wycinkami-Wprowadzenie-do-Geografii-Edukacja-Prezentacja-1024x576.jpg 1024w, http:\/\/www.mbnp.archidiecezja.wroc.pl\/wp-content\/uploads\/2023\/01\/Br\u0105zowy-i-Be\u017cowy-Album-z-Wycinkami-Wprowadzenie-do-Geografii-Edukacja-Prezentacja-300x169.jpg 300w, http:\/\/www.mbnp.archidiecezja.wroc.pl\/wp-content\/uploads\/2023\/01\/Br\u0105zowy-i-Be\u017cowy-Album-z-Wycinkami-Wprowadzenie-do-Geografii-Edukacja-Prezentacja-768x432.jpg 768w, http:\/\/www.mbnp.archidiecezja.wroc.pl\/wp-content\/uploads\/2023\/01\/Br\u0105zowy-i-Be\u017cowy-Album-z-Wycinkami-Wprowadzenie-do-Geografii-Edukacja-Prezentacja.jpg 1920w\" sizes=\"(max-width: 1024px) 100vw, 1024px\" \/><\/figure>\n","protected":false},"excerpt":{"rendered":"","protected":false},"author":7,"featured_media":0,"comment_status":"closed","ping_status":"closed","sticky":false,"template":"","format":"standard","meta":[],"categories":[10],"tags":[],"_links":{"self":[{"href":"http:\/\/www.mbnp.archidiecezja.wroc.pl\/index.php?rest_route=\/wp\/v2\/posts\/6409"}],"collection":[{"href":"http:\/\/www.mbnp.archidiecezja.wroc.pl\/index.php?rest_route=\/wp\/v2\/posts"}],"about":[{"href":"http:\/\/www.mbnp.archidiecezja.wroc.pl\/index.php?rest_route=\/wp\/v2\/types\/post"}],"author":[{"embeddable":true,"href":"http:\/\/www.mbnp.archidiecezja.wroc.pl\/index.php?rest_route=\/wp\/v2\/users\/7"}],"replies":[{"embeddable":true,"href":"http:\/\/www.mbnp.archidiecezja.wroc.pl\/index.php?rest_route=%2Fwp%2Fv2%2Fcomments&post=6409"}],"version-history":[{"count":2,"href":"http:\/\/www.mbnp.archidiecezja.wroc.pl\/index.php?rest_route=\/wp\/v2\/posts\/6409\/revisions"}],"predecessor-version":[{"id":6412,"href":"http:\/\/www.mbnp.archidiecezja.wroc.pl\/index.php?rest_route=\/wp\/v2\/posts\/6409\/revisions\/6412"}],"wp:attachment":[{"href":"http:\/\/www.mbnp.archidiecezja.wroc.pl\/index.php?rest_route=%2Fwp%2Fv2%2Fmedia&parent=6409"}],"wp:term":[{"taxonomy":"category","embeddable":true,"href":"http:\/\/www.mbnp.archidiecezja.wroc.pl\/index.php?rest_route=%2Fwp%2Fv2%2Fcategories&post=6409"},{"taxonomy":"post_tag","embeddable":true,"href":"http:\/\/www.mbnp.archidiecezja.wroc.pl\/index.php?rest_route=%2Fwp%2Fv2%2Ftags&post=6409"}],"curies":[{"name":"wp","href":"https:\/\/api.w.org\/{rel}","templated":true}]}}