{"id":617,"date":"2016-01-20T16:10:49","date_gmt":"2016-01-20T15:10:49","guid":{"rendered":"http:\/\/www.mbnp.archidiecezja.wroc.pl\/wordpress\/?p=617"},"modified":"2016-02-25T23:29:55","modified_gmt":"2016-02-25T22:29:55","slug":"oplatek-ministrancki","status":"publish","type":"post","link":"http:\/\/www.mbnp.archidiecezja.wroc.pl\/?p=617","title":{"rendered":"Op\u0142atek ministrancki"},"content":{"rendered":"<p style=\"text-align: center;\"><strong>Czas Bo\u017cego Narodzenia to okres spotka\u0144 nie tylko w gronie rodzinnym, ale tak\u017ce w kr\u0119gu najbli\u017cszych os\u00f3b. Takie spotkanie mia\u0142o r\u00f3wnie\u017c miejsce we wsp\u00f3lnocie Liturgicznej S\u0142u\u017cby O\u0142tarza, kt\u00f3ra 17 I 2016r. zgromadzi\u0142a si\u0119 na spotkaniu op\u0142atkowym. Opr\u00f3cz wsp\u00f3lnego \u015bpiewu kol\u0119d i sk\u0142adania \u017cycze\u0144, by\u0142 czas na prezenty. Ka\u017cdy ministrant otrzyma\u0142 specjalnie opracowany dla nich kalendarz, a kilku ministrant\u00f3w zosta\u0142o wyr\u00f3\u017cnionych specjalnymi nagrodami w poszczeg\u00f3lnych kategoriach. Ministrantem Roku 2015 zosta\u0142 Karol \u0141oboda, Ministrantem Sportu: Mateusz Krajewski, Ministrantem Innowacyjno\u015bci: Kacper Raczkowski, Ministrantem Elegancji: Mateusz Zboch, a Ministrantem Kultury: Eryk Pszczo\u0142owski.<\/strong><\/p>\n<h3 style=\"text-align: center;\"><a href=\"http:\/\/www.mbnp.archidiecezja.wroc.pl\/?page_id=473&amp;album=2016LSOOpAtekMinistrancki17012016\">GALERIA<\/a><\/h3>\n<p style=\"text-align: center;\"><a href=\"http:\/\/www.mbnp.archidiecezja.wroc.pl\/wp-content\/uploads\/2016\/01\/LSO_Oplatek_2016.jpg\" rel=\"lightbox[617]\"><img decoding=\"async\" loading=\"lazy\" class=\"alignnone wp-image-616 size-large\" src=\"http:\/\/www.mbnp.archidiecezja.wroc.pl\/wp-content\/uploads\/2016\/01\/LSO_Oplatek_2016-1024x768.jpg\" alt=\"OLYMPUS DIGITAL CAMERA\" width=\"648\" height=\"486\" srcset=\"http:\/\/www.mbnp.archidiecezja.wroc.pl\/wp-content\/uploads\/2016\/01\/LSO_Oplatek_2016.jpg 1024w, http:\/\/www.mbnp.archidiecezja.wroc.pl\/wp-content\/uploads\/2016\/01\/LSO_Oplatek_2016-300x225.jpg 300w\" sizes=\"(max-width: 648px) 100vw, 648px\" \/><\/a><\/p>\n","protected":false},"excerpt":{"rendered":"<p>Czas Bo\u017cego Narodzenia to okres spotka\u0144 nie tylko w gronie rodzinnym, ale tak\u017ce w kr\u0119gu najbli\u017cszych os\u00f3b. Takie spotkanie mia\u0142o r\u00f3wnie\u017c miejsce we wsp\u00f3lnocie Liturgicznej S\u0142u\u017cby O\u0142tarza, kt\u00f3ra 17 I &#8230;<\/p>\n","protected":false},"author":7,"featured_media":0,"comment_status":"closed","ping_status":"open","sticky":false,"template":"","format":"standard","meta":[],"categories":[10],"tags":[],"_links":{"self":[{"href":"http:\/\/www.mbnp.archidiecezja.wroc.pl\/index.php?rest_route=\/wp\/v2\/posts\/617"}],"collection":[{"href":"http:\/\/www.mbnp.archidiecezja.wroc.pl\/index.php?rest_route=\/wp\/v2\/posts"}],"about":[{"href":"http:\/\/www.mbnp.archidiecezja.wroc.pl\/index.php?rest_route=\/wp\/v2\/types\/post"}],"author":[{"embeddable":true,"href":"http:\/\/www.mbnp.archidiecezja.wroc.pl\/index.php?rest_route=\/wp\/v2\/users\/7"}],"replies":[{"embeddable":true,"href":"http:\/\/www.mbnp.archidiecezja.wroc.pl\/index.php?rest_route=%2Fwp%2Fv2%2Fcomments&post=617"}],"version-history":[{"count":10,"href":"http:\/\/www.mbnp.archidiecezja.wroc.pl\/index.php?rest_route=\/wp\/v2\/posts\/617\/revisions"}],"predecessor-version":[{"id":1221,"href":"http:\/\/www.mbnp.archidiecezja.wroc.pl\/index.php?rest_route=\/wp\/v2\/posts\/617\/revisions\/1221"}],"wp:attachment":[{"href":"http:\/\/www.mbnp.archidiecezja.wroc.pl\/index.php?rest_route=%2Fwp%2Fv2%2Fmedia&parent=617"}],"wp:term":[{"taxonomy":"category","embeddable":true,"href":"http:\/\/www.mbnp.archidiecezja.wroc.pl\/index.php?rest_route=%2Fwp%2Fv2%2Fcategories&post=617"},{"taxonomy":"post_tag","embeddable":true,"href":"http:\/\/www.mbnp.archidiecezja.wroc.pl\/index.php?rest_route=%2Fwp%2Fv2%2Ftags&post=617"}],"curies":[{"name":"wp","href":"https:\/\/api.w.org\/{rel}","templated":true}]}}