{"id":5859,"date":"2022-03-13T19:45:11","date_gmt":"2022-03-13T18:45:11","guid":{"rendered":"http:\/\/www.mbnp.archidiecezja.wroc.pl\/?p=5859"},"modified":"2022-04-04T19:02:24","modified_gmt":"2022-04-04T17:02:24","slug":"zbiorka-celowa-na-rzecz-ukrainy-2","status":"publish","type":"post","link":"http:\/\/www.mbnp.archidiecezja.wroc.pl\/?p=5859","title":{"rendered":"Zbi\u00f3rka celowa na rzecz Ukrainy"},"content":{"rendered":"\n<figure class=\"wp-block-image\"><img decoding=\"async\" loading=\"lazy\" width=\"960\" height=\"960\" src=\"http:\/\/www.mbnp.archidiecezja.wroc.pl\/wp-content\/uploads\/2022\/03\/IMG_20220320_182532-1.png\" alt=\"\" class=\"wp-image-5861\" srcset=\"http:\/\/www.mbnp.archidiecezja.wroc.pl\/wp-content\/uploads\/2022\/03\/IMG_20220320_182532-1.png 960w, http:\/\/www.mbnp.archidiecezja.wroc.pl\/wp-content\/uploads\/2022\/03\/IMG_20220320_182532-1-150x150.png 150w, http:\/\/www.mbnp.archidiecezja.wroc.pl\/wp-content\/uploads\/2022\/03\/IMG_20220320_182532-1-300x300.png 300w, http:\/\/www.mbnp.archidiecezja.wroc.pl\/wp-content\/uploads\/2022\/03\/IMG_20220320_182532-1-768x768.png 768w, http:\/\/www.mbnp.archidiecezja.wroc.pl\/wp-content\/uploads\/2022\/03\/IMG_20220320_182532-1-60x60.png 60w\" sizes=\"(max-width: 960px) 100vw, 960px\" \/><\/figure>\n\n\n<p>W dniach 21- 27 marca na rzecz poszkodowanych w wojnie na Ukrainie zbiera\u0107 b\u0119dziemy: \u017cywno\u015b\u0107 i pampersy dla niemowl\u0105t. Zbieramy tylko nowe artyku\u0142y, prosimy te\u017c nie przynosi\u0107 innych rzeczy. Dary nale\u017cy sk\u0142ada\u0107 z ty\u0142u ko\u015bcio\u0142a<\/p>","protected":false},"excerpt":{"rendered":"<p>W dniach 21- 27 marca na rzecz poszkodowanych w wojnie na Ukrainie zbiera\u0107 b\u0119dziemy: \u017cywno\u015b\u0107 i pampersy dla niemowl\u0105t. Zbieramy tylko nowe artyku\u0142y, prosimy te\u017c nie przynosi\u0107 innych rzeczy. Dary &#8230;<\/p>\n","protected":false},"author":7,"featured_media":0,"comment_status":"closed","ping_status":"closed","sticky":false,"template":"","format":"standard","meta":[],"categories":[10],"tags":[],"_links":{"self":[{"href":"http:\/\/www.mbnp.archidiecezja.wroc.pl\/index.php?rest_route=\/wp\/v2\/posts\/5859"}],"collection":[{"href":"http:\/\/www.mbnp.archidiecezja.wroc.pl\/index.php?rest_route=\/wp\/v2\/posts"}],"about":[{"href":"http:\/\/www.mbnp.archidiecezja.wroc.pl\/index.php?rest_route=\/wp\/v2\/types\/post"}],"author":[{"embeddable":true,"href":"http:\/\/www.mbnp.archidiecezja.wroc.pl\/index.php?rest_route=\/wp\/v2\/users\/7"}],"replies":[{"embeddable":true,"href":"http:\/\/www.mbnp.archidiecezja.wroc.pl\/index.php?rest_route=%2Fwp%2Fv2%2Fcomments&post=5859"}],"version-history":[{"count":2,"href":"http:\/\/www.mbnp.archidiecezja.wroc.pl\/index.php?rest_route=\/wp\/v2\/posts\/5859\/revisions"}],"predecessor-version":[{"id":5862,"href":"http:\/\/www.mbnp.archidiecezja.wroc.pl\/index.php?rest_route=\/wp\/v2\/posts\/5859\/revisions\/5862"}],"wp:attachment":[{"href":"http:\/\/www.mbnp.archidiecezja.wroc.pl\/index.php?rest_route=%2Fwp%2Fv2%2Fmedia&parent=5859"}],"wp:term":[{"taxonomy":"category","embeddable":true,"href":"http:\/\/www.mbnp.archidiecezja.wroc.pl\/index.php?rest_route=%2Fwp%2Fv2%2Fcategories&post=5859"},{"taxonomy":"post_tag","embeddable":true,"href":"http:\/\/www.mbnp.archidiecezja.wroc.pl\/index.php?rest_route=%2Fwp%2Fv2%2Ftags&post=5859"}],"curies":[{"name":"wp","href":"https:\/\/api.w.org\/{rel}","templated":true}]}}