{"id":5839,"date":"2022-03-19T13:27:56","date_gmt":"2022-03-19T12:27:56","guid":{"rendered":"http:\/\/www.mbnp.archidiecezja.wroc.pl\/?p=5839"},"modified":"2022-04-04T19:03:05","modified_gmt":"2022-04-04T17:03:05","slug":"poswiecenie-rosji-i-ukrainy-niepokalanemu-sercu-maryi","status":"publish","type":"post","link":"http:\/\/www.mbnp.archidiecezja.wroc.pl\/?p=5839","title":{"rendered":"25 marca- po\u015bwi\u0119cenie Rosji i Ukrainy Niepokalanemu Sercu Maryi"},"content":{"rendered":"\n<figure class=\"wp-block-image\"><img decoding=\"async\" loading=\"lazy\" width=\"500\" height=\"281\" src=\"http:\/\/www.mbnp.archidiecezja.wroc.pl\/wp-content\/uploads\/2022\/03\/cq5dam.thumbnail.cropped.500.281.jpeg\" alt=\"\" class=\"wp-image-5840\" srcset=\"http:\/\/www.mbnp.archidiecezja.wroc.pl\/wp-content\/uploads\/2022\/03\/cq5dam.thumbnail.cropped.500.281.jpeg 500w, http:\/\/www.mbnp.archidiecezja.wroc.pl\/wp-content\/uploads\/2022\/03\/cq5dam.thumbnail.cropped.500.281-300x169.jpeg 300w\" sizes=\"(max-width: 500px) 100vw, 500px\" \/><\/figure>\n\n\n<header id=\"header-main\" class=\"header-main header-main--fixed\" data-label-close=\"Zamknij\">\n<div class=\"header-main__container\">\n<div class=\"header-main__utility\">\n<section class=\"searchBar\">\n<p>Biuro Prasowe Stolicy Apostolskiej poda\u0142o do wiadomo\u015bci, \u017ce w pi\u0105tek 25 marca, podczas celebracji pokutnej o godz. 17.00 w Bazylice \u015bw. Piotra, Papie\u017c Franciszek po\u015bwi\u0119ci Rosj\u0119 i Ukrain\u0119 Niepokalanemu Sercu Maryi. Tego aktu w tym samym dniu w Fatimie dokona Kardyna\u0142 Konrad Krajewski, jako wys\u0142annik Ojca \u015awi\u0119tego.<\/p>\n<\/section>\n<\/div>\n<\/div>\n<\/header>\n<div id=\"main-container\" class=\"container\"><main class=\"content\">\n<div class=\"content__inner content__inner--hasSidebar\">\n<article class=\"article \">\n<div class=\"title__separator\">\u00a0<\/div>\n<div class=\"article__text \">\n<p><b>Vatican News<\/b><\/p>\n<p>W objawieniu z 13 lipca 1917 r. w Fatimie Matka Bo\u017ca prosi\u0142a o po\u015bwi\u0119cenie Rosji Jej Niepokalanemu Sercu, stwierdzaj\u0105c, \u017ce je\u015bli pro\u015bba ta nie zostanie spe\u0142niona, Rosja b\u0119dzie szerzy\u0107 \u201eswoje b\u0142\u0119dy na ca\u0142ym \u015bwiecie, podejmuj\u0105c wojny i prze\u015bladowanie Ko\u015bcio\u0142a\u201d. Dobrzy &#8211; doda\u0142a &#8211; zostan\u0105 zam\u0119czeni, Ojciec \u015awi\u0119ty b\u0119dzie mia\u0142 wiele do wycierpienia, r\u00f3\u017cne narody zostan\u0105 zniszczone\u201d. Po objawieniach w Fatimie mia\u0142y miejsce r\u00f3\u017cne akty po\u015bwi\u0119cenia Niepokalanemu Sercu Maryi: Pius XII 31 pa\u017adziernika 1942 r. po\u015bwi\u0119ci\u0142 ca\u0142y \u015bwiat, a 7 lipca 1952 r. w li\u015bcie apostolskim Sacro vergente anno po\u015bwi\u0119ci\u0142 narody Rosji Niepokalanemu Sercu Maryi:<br \/>\u201eTak jak kilka lat temu po\u015bwi\u0119cili\u015bmy ca\u0142y \u015bwiat Niepokalanemu Sercu Matki Bo\u017cej, tak teraz, w spos\u00f3b szczeg\u00f3lny, po\u015bwi\u0119camy wszystkie narody Rosji temu samemu Niepokalanemu Sercu\u201d.<\/p>\n<p>21 listopada 1964 r. Pawe\u0142 VI w obecno\u015bci ojc\u00f3w Soboru Watyka\u0144skiego II ponowi\u0142 po\u015bwi\u0119cenie Rosji Niepokalanemu Sercu. Papie\u017c Jan Pawe\u0142 II u\u0142o\u017cy\u0142 modlitw\u0119 w formie aktu zawierzenia, kt\u00f3ry mia\u0142 by\u0107 odprawiony w Bazylice Naj\u015bwi\u0119tszej Maryi Panny Wi\u0119kszej 7 czerwca 1981 r., w uroczysto\u015b\u0107 Zes\u0142ania Ducha \u015awi\u0119tego. Tekst brzmia\u0142 nast\u0119puj\u0105co:<\/p>\n<p>\u201eO Matko ludzi i narod\u00f3w, Ty znasz wszystkie ich cierpienia i nadzieje, masz matczyne wyczucie dla wszystkich zmaga\u0144 mi\u0119dzy dobrem a z\u0142em, mi\u0119dzy \u015bwiat\u0142em a ciemno\u015bci\u0105, kt\u00f3re wstrz\u0105saj\u0105 \u015bwiatem, przyjmij nasze wo\u0142anie skierowane w Duchu \u015awi\u0119tym wprost do Twego Serca i ogarnij mi\u0142o\u015bci\u0105 Matki i S\u0142u\u017cebnicy Pa\u0144skiej tych, kt\u00f3rzy najbardziej oczekuj\u0105 tego u\u015bcisku, a tak\u017ce tych, kt\u00f3rych zawierzenia oczekujesz w spos\u00f3b szczeg\u00f3lny. We\u017a pod swoj\u0105 macierzy\u0144sk\u0105 opiek\u0119 ca\u0142\u0105 rodzin\u0119 ludzk\u0105, kt\u00f3r\u0105 z czu\u0142\u0105 mi\u0142o\u015bci\u0105 powierzamy Tobie, o Matko. Niech dla wszystkich zbli\u017cy si\u0119 czas pokoju i wolno\u015bci, czas prawdy, sprawiedliwo\u015bci i nadziei\u201d.<\/p>\n<p>Nast\u0119pnie, aby pe\u0142niej odpowiedzie\u0107 na pro\u015bby Matki Bo\u017cej, chcia\u0142 w \u015awi\u0119tym Roku Odkupienia uwydatni\u0107 akt zawierzenia z 7 czerwca 1981 roku, powt\u00f3rzony w Fatimie 13 maja 1982 roku. Na pami\u0105tk\u0119 \u201eFiat\u201d wypowiedzianego przez Maryj\u0119 w chwili Zwiastowania, 25 marca 1984 r. na placu \u015bw. Piotra, w duchowej jedno\u015bci ze wszystkimi biskupami \u015bwiata, zwo\u0142anymi wcze\u015bniej, Jan Pawe\u0142 II zawierzy\u0142 wszystkie narody Niepokalanemu Sercu Maryi:<\/p>\n<p>\u201eI dlatego, o Matko ludzi i narod\u00f3w, Ty, kt\u00f3ra znasz wszystkie ich cierpienia i nadzieje, kt\u00f3ra po macierzy\u0144sku odczuwasz wszystkie zmagania mi\u0119dzy dobrem a z\u0142em, mi\u0119dzy \u015bwiat\u0142em a ciemno\u015bci\u0105, kt\u00f3re wstrz\u0105saj\u0105 wsp\u00f3\u0142czesnym \u015bwiatem, przyjmij nasze wo\u0142anie, kt\u00f3re poruszeni Duchem \u015awi\u0119tym kierujemy wprost do Twego Serca: ogarnij mi\u0142o\u015bci\u0105 Matki i S\u0142u\u017cebnicy Pa\u0144skiej ten nasz ludzki \u015bwiat, kt\u00f3ry Ci powierzamy i po\u015bwi\u0119camy, pe\u0142ni troski o ziemski i wieczny los ludzi i narod\u00f3w. W spos\u00f3b szczeg\u00f3lny powierzamy i po\u015bwi\u0119camy Ci tych ludzi i narody, kt\u00f3rzy tego powierzenia i po\u015bwi\u0119cenia najbardziej potrzebuj\u0105\u201d.<\/p>\n<p>W czerwcu 2000 r. Stolica Apostolska ujawni\u0142a trzeci\u0105 cz\u0119\u015b\u0107 tajemnicy fatimskiej, a \u00f3wczesny arcybiskup Tarcisio Bertone, sekretarz Kongregacji Nauki Wiary, podkre\u015bli\u0142, \u017ce siostra \u0141ucja w li\u015bcie z 1989 r. osobi\u015bcie potwierdzi\u0142a, \u017ce ten uroczysty i powszechny akt po\u015bwi\u0119cenia odpowiada\u0142 temu, czego pragn\u0119\u0142a Matka Bo\u017ca: \u201eTak, to si\u0119 sta\u0142o &#8211; powiedzia\u0142a wizjonerka &#8211; tak jak prosi\u0142a Matka Bo\u017ca, 25 marca 1984r.<\/p>\n<\/div>\n<\/article>\n<\/div>\n<\/main><\/div>","protected":false},"excerpt":{"rendered":"<p>Biuro Prasowe Stolicy Apostolskiej poda\u0142o do wiadomo\u015bci, \u017ce w pi\u0105tek 25 marca, podczas celebracji pokutnej o godz. 17.00 w Bazylice \u015bw. Piotra, Papie\u017c Franciszek po\u015bwi\u0119ci Rosj\u0119 i Ukrain\u0119 Niepokalanemu Sercu &#8230;<\/p>\n","protected":false},"author":7,"featured_media":0,"comment_status":"closed","ping_status":"closed","sticky":false,"template":"","format":"standard","meta":[],"categories":[10],"tags":[],"_links":{"self":[{"href":"http:\/\/www.mbnp.archidiecezja.wroc.pl\/index.php?rest_route=\/wp\/v2\/posts\/5839"}],"collection":[{"href":"http:\/\/www.mbnp.archidiecezja.wroc.pl\/index.php?rest_route=\/wp\/v2\/posts"}],"about":[{"href":"http:\/\/www.mbnp.archidiecezja.wroc.pl\/index.php?rest_route=\/wp\/v2\/types\/post"}],"author":[{"embeddable":true,"href":"http:\/\/www.mbnp.archidiecezja.wroc.pl\/index.php?rest_route=\/wp\/v2\/users\/7"}],"replies":[{"embeddable":true,"href":"http:\/\/www.mbnp.archidiecezja.wroc.pl\/index.php?rest_route=%2Fwp%2Fv2%2Fcomments&post=5839"}],"version-history":[{"count":5,"href":"http:\/\/www.mbnp.archidiecezja.wroc.pl\/index.php?rest_route=\/wp\/v2\/posts\/5839\/revisions"}],"predecessor-version":[{"id":5845,"href":"http:\/\/www.mbnp.archidiecezja.wroc.pl\/index.php?rest_route=\/wp\/v2\/posts\/5839\/revisions\/5845"}],"wp:attachment":[{"href":"http:\/\/www.mbnp.archidiecezja.wroc.pl\/index.php?rest_route=%2Fwp%2Fv2%2Fmedia&parent=5839"}],"wp:term":[{"taxonomy":"category","embeddable":true,"href":"http:\/\/www.mbnp.archidiecezja.wroc.pl\/index.php?rest_route=%2Fwp%2Fv2%2Fcategories&post=5839"},{"taxonomy":"post_tag","embeddable":true,"href":"http:\/\/www.mbnp.archidiecezja.wroc.pl\/index.php?rest_route=%2Fwp%2Fv2%2Ftags&post=5839"}],"curies":[{"name":"wp","href":"https:\/\/api.w.org\/{rel}","templated":true}]}}