{"id":5798,"date":"2022-03-01T13:00:20","date_gmt":"2022-03-01T12:00:20","guid":{"rendered":"http:\/\/www.mbnp.archidiecezja.wroc.pl\/?p=5798"},"modified":"2022-07-10T18:51:15","modified_gmt":"2022-07-10T16:51:15","slug":"pielgrzymka-do-wloch","status":"publish","type":"post","link":"http:\/\/www.mbnp.archidiecezja.wroc.pl\/?p=5798","title":{"rendered":"Pielgrzymka do W\u0142och"},"content":{"rendered":"\n<figure class=\"wp-block-image\"><img decoding=\"async\" loading=\"lazy\" width=\"724\" height=\"1024\" src=\"http:\/\/www.mbnp.archidiecezja.wroc.pl\/wp-content\/uploads\/2022\/03\/pielgrzymka-do-W\u0142och-724x1024.jpeg\" alt=\"\" class=\"wp-image-5814\" srcset=\"http:\/\/www.mbnp.archidiecezja.wroc.pl\/wp-content\/uploads\/2022\/03\/pielgrzymka-do-W\u0142och-724x1024.jpeg 724w, http:\/\/www.mbnp.archidiecezja.wroc.pl\/wp-content\/uploads\/2022\/03\/pielgrzymka-do-W\u0142och-212x300.jpeg 212w, http:\/\/www.mbnp.archidiecezja.wroc.pl\/wp-content\/uploads\/2022\/03\/pielgrzymka-do-W\u0142och-768x1086.jpeg 768w\" sizes=\"(max-width: 724px) 100vw, 724px\" \/><\/figure>\n\n\n\n<figure class=\"wp-block-image\"><img decoding=\"async\" loading=\"lazy\" width=\"724\" height=\"1024\" src=\"http:\/\/www.mbnp.archidiecezja.wroc.pl\/wp-content\/uploads\/2022\/03\/Plakat-pielgrzymka-do-W\u0142och-724x1024.jpeg\" alt=\"\" class=\"wp-image-5800\" srcset=\"http:\/\/www.mbnp.archidiecezja.wroc.pl\/wp-content\/uploads\/2022\/03\/Plakat-pielgrzymka-do-W\u0142och-724x1024.jpeg 724w, http:\/\/www.mbnp.archidiecezja.wroc.pl\/wp-content\/uploads\/2022\/03\/Plakat-pielgrzymka-do-W\u0142och-212x300.jpeg 212w, http:\/\/www.mbnp.archidiecezja.wroc.pl\/wp-content\/uploads\/2022\/03\/Plakat-pielgrzymka-do-W\u0142och-768x1086.jpeg 768w\" sizes=\"(max-width: 724px) 100vw, 724px\" \/><figcaption>Prezentujemy ofert\u0119 pielgrzymki do miejsc kultu we W\u0142oszech. Ch\u0119tnych prosimy o zg\u0142aszanie si\u0119 do zakrystii.<\/figcaption><\/figure>\n","protected":false},"excerpt":{"rendered":"","protected":false},"author":7,"featured_media":0,"comment_status":"closed","ping_status":"closed","sticky":false,"template":"","format":"standard","meta":[],"categories":[10],"tags":[],"_links":{"self":[{"href":"http:\/\/www.mbnp.archidiecezja.wroc.pl\/index.php?rest_route=\/wp\/v2\/posts\/5798"}],"collection":[{"href":"http:\/\/www.mbnp.archidiecezja.wroc.pl\/index.php?rest_route=\/wp\/v2\/posts"}],"about":[{"href":"http:\/\/www.mbnp.archidiecezja.wroc.pl\/index.php?rest_route=\/wp\/v2\/types\/post"}],"author":[{"embeddable":true,"href":"http:\/\/www.mbnp.archidiecezja.wroc.pl\/index.php?rest_route=\/wp\/v2\/users\/7"}],"replies":[{"embeddable":true,"href":"http:\/\/www.mbnp.archidiecezja.wroc.pl\/index.php?rest_route=%2Fwp%2Fv2%2Fcomments&post=5798"}],"version-history":[{"count":5,"href":"http:\/\/www.mbnp.archidiecezja.wroc.pl\/index.php?rest_route=\/wp\/v2\/posts\/5798\/revisions"}],"predecessor-version":[{"id":5815,"href":"http:\/\/www.mbnp.archidiecezja.wroc.pl\/index.php?rest_route=\/wp\/v2\/posts\/5798\/revisions\/5815"}],"wp:attachment":[{"href":"http:\/\/www.mbnp.archidiecezja.wroc.pl\/index.php?rest_route=%2Fwp%2Fv2%2Fmedia&parent=5798"}],"wp:term":[{"taxonomy":"category","embeddable":true,"href":"http:\/\/www.mbnp.archidiecezja.wroc.pl\/index.php?rest_route=%2Fwp%2Fv2%2Fcategories&post=5798"},{"taxonomy":"post_tag","embeddable":true,"href":"http:\/\/www.mbnp.archidiecezja.wroc.pl\/index.php?rest_route=%2Fwp%2Fv2%2Ftags&post=5798"}],"curies":[{"name":"wp","href":"https:\/\/api.w.org\/{rel}","templated":true}]}}