{"id":5768,"date":"2022-02-26T16:00:20","date_gmt":"2022-02-26T15:00:20","guid":{"rendered":"http:\/\/www.mbnp.archidiecezja.wroc.pl\/?p=5768"},"modified":"2022-03-06T08:54:45","modified_gmt":"2022-03-06T07:54:45","slug":"2-marca-dniem-modlitwy-i-postu-w-intencj-ukrainy","status":"publish","type":"post","link":"http:\/\/www.mbnp.archidiecezja.wroc.pl\/?p=5768","title":{"rendered":"2 marca dniem modlitwy i postu w intencj Ukrainy"},"content":{"rendered":"\n<figure class=\"wp-block-image\"><img decoding=\"async\" loading=\"lazy\" width=\"1024\" height=\"683\" src=\"http:\/\/www.mbnp.archidiecezja.wroc.pl\/wp-content\/uploads\/2022\/02\/20220302-1024x683.jpg\" alt=\"\" class=\"wp-image-5771\" srcset=\"http:\/\/www.mbnp.archidiecezja.wroc.pl\/wp-content\/uploads\/2022\/02\/20220302-1024x683.jpg 1024w, http:\/\/www.mbnp.archidiecezja.wroc.pl\/wp-content\/uploads\/2022\/02\/20220302-300x200.jpg 300w, http:\/\/www.mbnp.archidiecezja.wroc.pl\/wp-content\/uploads\/2022\/02\/20220302-768x512.jpg 768w, http:\/\/www.mbnp.archidiecezja.wroc.pl\/wp-content\/uploads\/2022\/02\/20220302.jpg 1068w\" sizes=\"(max-width: 1024px) 100vw, 1024px\" \/><\/figure>\n\n\n<div class=\"art-layout-cell art-content-sidebar1\">\n<div class=\"art-post\">\n<div class=\"art-post-body\">\n<div class=\"art-post-inner\">\n<div class=\"art-postcontent\">\n<div class=\"art-article\">\n<p><strong>APEL PRZEWODNICZ\u0104CEGO KONFERENCJI EPISKOPATU POLSKI WS. UCHOD\u0179C\u00d3W Z UKRAINY<\/strong>.<\/p>\n<p>\u201e<em>Pragn\u0119 przekaza\u0107 serdeczne podzi\u0119kowania wszystkim, kt\u00f3rzy odpowiedzieli na m\u00f3j apel o modlitw\u0119 w intencji pokoju na Ukrainie (&#8230;.). Z b\u00f3lem serca przyjmuj\u0119 doniesienia o dalszej eskalacji napi\u0119cia w Ukrainie (&#8230;). W tej sytuacji \u2012 kontynuuj\u0105c nasz\u0105 modlitw\u0119 w intencji pokoju \u2012 apeluj\u0119 do moich rodak\u00f3w o otwarte i go\u015bcinne serca dla uchod\u017ac\u00f3w z Ukrainy, kt\u00f3rzy w Polsce b\u0119d\u0105 chcieli znale\u017a\u0107 schronienie przed wojn\u0105. Ka\u017cdy ma prawo do \u017cycia w pokoju i bezpiecze\u0144stwie. Ka\u017cdy ma prawo szuka\u0107 dla siebie i swoich najbli\u017cszych warunk\u00f3w zapewniaj\u0105cych mu bezpieczne \u017cycie. (&#8230;)<\/em>&#8221;\u00a0<strong><a href=\"https:\/\/www.archidiecezja.wroc.pl\/WD-komunikaty\/20220225_3.pdf\" target=\"_blank\" rel=\"noopener noreferrer\">Przewodnicz\u0105cy KEP apeluje<\/a><\/strong>, aby zar\u00f3wno w najbli\u017csz\u0105 niedziel\u0119 27 lutego, jak i w \u015arod\u0119 Popielcow\u0105, po ka\u017cdej Mszy \u015awi\u0119tej zorganizowa\u0107 zbi\u00f3rk\u0119 ofiar do puszek, kt\u00f3re \u2013 za po\u015brednictwem Caritas Polska \u2013 zostan\u0105 przeznaczone na pomoc uchod\u017acom wojennym z Ukrainy.<\/p>\n<p><strong>TRWAMY NA MODLITWIE o POK\u00d3J, za UKRAIN\u0118<\/strong>. 26 lutego w katedrze grecko-katolickiej we Wroc\u0142awiu o godz. 18.00 odb\u0119dzie si\u0119 modlitwa pod przewodnictwem biskup\u00f3w wroc\u0142awskich w tej intencji. Ojciec \u015awiety Franciszek prosi nas o modlitw\u0119 i post w tej intencji w \u015brod\u0119 popielcow\u0105 2 marca. W wielu miejscach organizowana jest tak\u017ce NOC WALKI o B\u0142ogos\u0142awie\u0144stwo DLA POLSKI 26-27 lutego. Zachecamy parafie, kap\u0142an\u00f3w i wiernych do wzmo\u017conej i gorliwej modlitwy.\u00a0<\/p>\n<\/div>\n<\/div>\n<\/div>\n<\/div>\n<\/div>\n<\/div>","protected":false},"excerpt":{"rendered":"<p>APEL PRZEWODNICZ\u0104CEGO KONFERENCJI EPISKOPATU POLSKI WS. UCHOD\u0179C\u00d3W Z UKRAINY. \u201ePragn\u0119 przekaza\u0107 serdeczne podzi\u0119kowania wszystkim, kt\u00f3rzy odpowiedzieli na m\u00f3j apel o modlitw\u0119 w intencji pokoju na Ukrainie (&#8230;.). Z b\u00f3lem serca &#8230;<\/p>\n","protected":false},"author":7,"featured_media":0,"comment_status":"closed","ping_status":"closed","sticky":false,"template":"","format":"standard","meta":[],"categories":[10],"tags":[],"_links":{"self":[{"href":"http:\/\/www.mbnp.archidiecezja.wroc.pl\/index.php?rest_route=\/wp\/v2\/posts\/5768"}],"collection":[{"href":"http:\/\/www.mbnp.archidiecezja.wroc.pl\/index.php?rest_route=\/wp\/v2\/posts"}],"about":[{"href":"http:\/\/www.mbnp.archidiecezja.wroc.pl\/index.php?rest_route=\/wp\/v2\/types\/post"}],"author":[{"embeddable":true,"href":"http:\/\/www.mbnp.archidiecezja.wroc.pl\/index.php?rest_route=\/wp\/v2\/users\/7"}],"replies":[{"embeddable":true,"href":"http:\/\/www.mbnp.archidiecezja.wroc.pl\/index.php?rest_route=%2Fwp%2Fv2%2Fcomments&post=5768"}],"version-history":[{"count":4,"href":"http:\/\/www.mbnp.archidiecezja.wroc.pl\/index.php?rest_route=\/wp\/v2\/posts\/5768\/revisions"}],"predecessor-version":[{"id":5774,"href":"http:\/\/www.mbnp.archidiecezja.wroc.pl\/index.php?rest_route=\/wp\/v2\/posts\/5768\/revisions\/5774"}],"wp:attachment":[{"href":"http:\/\/www.mbnp.archidiecezja.wroc.pl\/index.php?rest_route=%2Fwp%2Fv2%2Fmedia&parent=5768"}],"wp:term":[{"taxonomy":"category","embeddable":true,"href":"http:\/\/www.mbnp.archidiecezja.wroc.pl\/index.php?rest_route=%2Fwp%2Fv2%2Fcategories&post=5768"},{"taxonomy":"post_tag","embeddable":true,"href":"http:\/\/www.mbnp.archidiecezja.wroc.pl\/index.php?rest_route=%2Fwp%2Fv2%2Ftags&post=5768"}],"curies":[{"name":"wp","href":"https:\/\/api.w.org\/{rel}","templated":true}]}}