{"id":5755,"date":"2022-02-19T13:48:50","date_gmt":"2022-02-19T12:48:50","guid":{"rendered":"http:\/\/www.mbnp.archidiecezja.wroc.pl\/?p=5755"},"modified":"2022-04-04T19:04:02","modified_gmt":"2022-04-04T17:04:02","slug":"schola-liturgiczna-zaprasza","status":"publish","type":"post","link":"http:\/\/www.mbnp.archidiecezja.wroc.pl\/?p=5755","title":{"rendered":"Schola Liturgiczna zaprasza"},"content":{"rendered":"\n<figure class=\"wp-block-image\"><img decoding=\"async\" loading=\"lazy\" width=\"600\" height=\"343\" src=\"http:\/\/www.mbnp.archidiecezja.wroc.pl\/wp-content\/uploads\/2022\/02\/choral.600px-1.jpg\" alt=\"\" class=\"wp-image-5757\" srcset=\"http:\/\/www.mbnp.archidiecezja.wroc.pl\/wp-content\/uploads\/2022\/02\/choral.600px-1.jpg 600w, http:\/\/www.mbnp.archidiecezja.wroc.pl\/wp-content\/uploads\/2022\/02\/choral.600px-1-300x172.jpg 300w\" sizes=\"(max-width: 600px) 100vw, 600px\" \/><\/figure>\n\n\n<p>Schola Liturgiczna Parafii NMP Nieustaj\u0105cej Pomocy we Wroc\u0142awiu zaprasza osoby ucz\u0105ce si\u0119, studiuj\u0105ce i pracuj\u0105ce do w\u0142\u0105czenia si\u0119 w przygotowania \u015bpiew\u00f3w na Triduum Paschalne. Ch\u0119tne osoby mog\u0105 zg\u0142asza\u0107 si\u0119 do p. Organistki lub przyj\u015b\u0107 bezpo\u015brednio na pr\u00f3b\u0119, kt\u00f3ra odbywa si\u0119 zawsze w czwartki o godz.19:00, w auli parafialnej. Wymagane s\u0105 podstawowe zdolno\u015bci muzyczne.<\/p>\n\n\n<p><\/p>\n","protected":false},"excerpt":{"rendered":"<p>Schola Liturgiczna Parafii NMP Nieustaj\u0105cej Pomocy we Wroc\u0142awiu zaprasza osoby ucz\u0105ce si\u0119, studiuj\u0105ce i pracuj\u0105ce do w\u0142\u0105czenia si\u0119 w przygotowania \u015bpiew\u00f3w na Triduum Paschalne. Ch\u0119tne osoby mog\u0105 zg\u0142asza\u0107 si\u0119 do &#8230;<\/p>\n","protected":false},"author":7,"featured_media":0,"comment_status":"closed","ping_status":"closed","sticky":false,"template":"","format":"standard","meta":[],"categories":[10],"tags":[],"_links":{"self":[{"href":"http:\/\/www.mbnp.archidiecezja.wroc.pl\/index.php?rest_route=\/wp\/v2\/posts\/5755"}],"collection":[{"href":"http:\/\/www.mbnp.archidiecezja.wroc.pl\/index.php?rest_route=\/wp\/v2\/posts"}],"about":[{"href":"http:\/\/www.mbnp.archidiecezja.wroc.pl\/index.php?rest_route=\/wp\/v2\/types\/post"}],"author":[{"embeddable":true,"href":"http:\/\/www.mbnp.archidiecezja.wroc.pl\/index.php?rest_route=\/wp\/v2\/users\/7"}],"replies":[{"embeddable":true,"href":"http:\/\/www.mbnp.archidiecezja.wroc.pl\/index.php?rest_route=%2Fwp%2Fv2%2Fcomments&post=5755"}],"version-history":[{"count":2,"href":"http:\/\/www.mbnp.archidiecezja.wroc.pl\/index.php?rest_route=\/wp\/v2\/posts\/5755\/revisions"}],"predecessor-version":[{"id":5758,"href":"http:\/\/www.mbnp.archidiecezja.wroc.pl\/index.php?rest_route=\/wp\/v2\/posts\/5755\/revisions\/5758"}],"wp:attachment":[{"href":"http:\/\/www.mbnp.archidiecezja.wroc.pl\/index.php?rest_route=%2Fwp%2Fv2%2Fmedia&parent=5755"}],"wp:term":[{"taxonomy":"category","embeddable":true,"href":"http:\/\/www.mbnp.archidiecezja.wroc.pl\/index.php?rest_route=%2Fwp%2Fv2%2Fcategories&post=5755"},{"taxonomy":"post_tag","embeddable":true,"href":"http:\/\/www.mbnp.archidiecezja.wroc.pl\/index.php?rest_route=%2Fwp%2Fv2%2Ftags&post=5755"}],"curies":[{"name":"wp","href":"https:\/\/api.w.org\/{rel}","templated":true}]}}