{"id":5721,"date":"2022-01-08T20:51:00","date_gmt":"2022-01-08T19:51:00","guid":{"rendered":"http:\/\/www.mbnp.archidiecezja.wroc.pl\/?p=5721"},"modified":"2022-01-30T12:51:15","modified_gmt":"2022-01-30T11:51:15","slug":"plan-wizyty-duszpasterskiej-czyli-koleda","status":"publish","type":"post","link":"http:\/\/www.mbnp.archidiecezja.wroc.pl\/?p=5721","title":{"rendered":"Plan wizyty duszpasterskiej czyli KOL\u0118DA"},"content":{"rendered":"\n<p>W tym roku rodziny sk\u0142ada\u0142y zaproszenia na kol\u0119d\u0119. Wizyta u rodzin, kt\u00f3re zaprosi\u0142y duszpasterzy rozpoczyna\u0107 si\u0119 b\u0119dzie o godz. 16:00. <\/p>\n\n\n\n<figure class=\"wp-block-image\"><img decoding=\"async\" loading=\"lazy\" width=\"755\" height=\"1024\" src=\"http:\/\/www.mbnp.archidiecezja.wroc.pl\/wp-content\/uploads\/2022\/01\/Screenshot_20220108-0713183-755x1024.png\" alt=\"\" class=\"wp-image-5722\" srcset=\"http:\/\/www.mbnp.archidiecezja.wroc.pl\/wp-content\/uploads\/2022\/01\/Screenshot_20220108-0713183-755x1024.png 755w, http:\/\/www.mbnp.archidiecezja.wroc.pl\/wp-content\/uploads\/2022\/01\/Screenshot_20220108-0713183-221x300.png 221w, http:\/\/www.mbnp.archidiecezja.wroc.pl\/wp-content\/uploads\/2022\/01\/Screenshot_20220108-0713183-768x1042.png 768w, http:\/\/www.mbnp.archidiecezja.wroc.pl\/wp-content\/uploads\/2022\/01\/Screenshot_20220108-0713183.png 1414w\" sizes=\"(max-width: 755px) 100vw, 755px\" \/><\/figure>\n","protected":false},"excerpt":{"rendered":"<p>W tym roku rodziny sk\u0142ada\u0142y zaproszenia na kol\u0119d\u0119. Wizyta u rodzin, kt\u00f3re zaprosi\u0142y duszpasterzy rozpoczyna\u0107 si\u0119 b\u0119dzie o godz. 16:00.<\/p>\n","protected":false},"author":7,"featured_media":0,"comment_status":"closed","ping_status":"closed","sticky":false,"template":"","format":"standard","meta":[],"categories":[10],"tags":[],"_links":{"self":[{"href":"http:\/\/www.mbnp.archidiecezja.wroc.pl\/index.php?rest_route=\/wp\/v2\/posts\/5721"}],"collection":[{"href":"http:\/\/www.mbnp.archidiecezja.wroc.pl\/index.php?rest_route=\/wp\/v2\/posts"}],"about":[{"href":"http:\/\/www.mbnp.archidiecezja.wroc.pl\/index.php?rest_route=\/wp\/v2\/types\/post"}],"author":[{"embeddable":true,"href":"http:\/\/www.mbnp.archidiecezja.wroc.pl\/index.php?rest_route=\/wp\/v2\/users\/7"}],"replies":[{"embeddable":true,"href":"http:\/\/www.mbnp.archidiecezja.wroc.pl\/index.php?rest_route=%2Fwp%2Fv2%2Fcomments&post=5721"}],"version-history":[{"count":1,"href":"http:\/\/www.mbnp.archidiecezja.wroc.pl\/index.php?rest_route=\/wp\/v2\/posts\/5721\/revisions"}],"predecessor-version":[{"id":5723,"href":"http:\/\/www.mbnp.archidiecezja.wroc.pl\/index.php?rest_route=\/wp\/v2\/posts\/5721\/revisions\/5723"}],"wp:attachment":[{"href":"http:\/\/www.mbnp.archidiecezja.wroc.pl\/index.php?rest_route=%2Fwp%2Fv2%2Fmedia&parent=5721"}],"wp:term":[{"taxonomy":"category","embeddable":true,"href":"http:\/\/www.mbnp.archidiecezja.wroc.pl\/index.php?rest_route=%2Fwp%2Fv2%2Fcategories&post=5721"},{"taxonomy":"post_tag","embeddable":true,"href":"http:\/\/www.mbnp.archidiecezja.wroc.pl\/index.php?rest_route=%2Fwp%2Fv2%2Ftags&post=5721"}],"curies":[{"name":"wp","href":"https:\/\/api.w.org\/{rel}","templated":true}]}}