{"id":5667,"date":"2021-12-11T18:05:37","date_gmt":"2021-12-11T17:05:37","guid":{"rendered":"http:\/\/www.mbnp.archidiecezja.wroc.pl\/?p=5667"},"modified":"2022-01-02T09:02:58","modified_gmt":"2022-01-02T08:02:58","slug":"rekolekcje-adwentowe-a-d-2021","status":"publish","type":"post","link":"http:\/\/www.mbnp.archidiecezja.wroc.pl\/?p=5667","title":{"rendered":"Rekolekcje adwentowe A.D. 2021"},"content":{"rendered":"\n<p>W niedziel\u0119 19 grudnia rozpoczynamy w naszej parafii rekolekcje adwentowe, kt\u00f3re potrwaj\u0105 trzy dni, tj do 21 grudnia. S\u0142owo Bo\u017ce b\u0119d\u0105 g\u0142osi\u0107 Ojcowie Oblaci. Jak co roku b\u0119dzie mo\u017cna naby\u0107 kalendarz misyjny.<\/p>\n\n\n\n<ul class=\"wp-block-gallery columns-1 is-cropped wp-block-gallery-1 is-layout-flex\"><li class=\"blocks-gallery-item\"><figure><img decoding=\"async\" loading=\"lazy\" width=\"1024\" height=\"680\" src=\"http:\/\/www.mbnp.archidiecezja.wroc.pl\/wp-content\/uploads\/2021\/04\/stephen-radford-86QxYjwq8LU-unsplash-1024x680-1024x680.jpg\" alt=\"\" data-id=\"5266\" data-link=\"http:\/\/www.mbnp.archidiecezja.wroc.pl\/?attachment_id=5266\" class=\"wp-image-5266\" srcset=\"http:\/\/www.mbnp.archidiecezja.wroc.pl\/wp-content\/uploads\/2021\/04\/stephen-radford-86QxYjwq8LU-unsplash-1024x680.jpg 1024w, http:\/\/www.mbnp.archidiecezja.wroc.pl\/wp-content\/uploads\/2021\/04\/stephen-radford-86QxYjwq8LU-unsplash-1024x680-300x199.jpg 300w, http:\/\/www.mbnp.archidiecezja.wroc.pl\/wp-content\/uploads\/2021\/04\/stephen-radford-86QxYjwq8LU-unsplash-1024x680-768x510.jpg 768w\" sizes=\"(max-width: 1024px) 100vw, 1024px\" \/><\/figure><\/li><\/ul>\n\n\n\n<figure class=\"wp-block-image\"><img decoding=\"async\" loading=\"lazy\" width=\"768\" height=\"1024\" src=\"http:\/\/www.mbnp.archidiecezja.wroc.pl\/wp-content\/uploads\/2021\/12\/Rekolekcje-adwentowe-768x1024.jpg\" alt=\"\" class=\"wp-image-5694\" srcset=\"http:\/\/www.mbnp.archidiecezja.wroc.pl\/wp-content\/uploads\/2021\/12\/Rekolekcje-adwentowe-768x1024.jpg 768w, http:\/\/www.mbnp.archidiecezja.wroc.pl\/wp-content\/uploads\/2021\/12\/Rekolekcje-adwentowe-225x300.jpg 225w, http:\/\/www.mbnp.archidiecezja.wroc.pl\/wp-content\/uploads\/2021\/12\/Rekolekcje-adwentowe.jpg 1008w\" sizes=\"(max-width: 768px) 100vw, 768px\" \/><\/figure>\n","protected":false},"excerpt":{"rendered":"<p>W niedziel\u0119 19 grudnia rozpoczynamy w naszej parafii rekolekcje adwentowe, kt\u00f3re potrwaj\u0105 trzy dni, tj do 21 grudnia. S\u0142owo Bo\u017ce b\u0119d\u0105 g\u0142osi\u0107 Ojcowie Oblaci. Jak co roku b\u0119dzie mo\u017cna naby\u0107 &#8230;<\/p>\n","protected":false},"author":7,"featured_media":0,"comment_status":"closed","ping_status":"closed","sticky":false,"template":"","format":"standard","meta":[],"categories":[10],"tags":[],"_links":{"self":[{"href":"http:\/\/www.mbnp.archidiecezja.wroc.pl\/index.php?rest_route=\/wp\/v2\/posts\/5667"}],"collection":[{"href":"http:\/\/www.mbnp.archidiecezja.wroc.pl\/index.php?rest_route=\/wp\/v2\/posts"}],"about":[{"href":"http:\/\/www.mbnp.archidiecezja.wroc.pl\/index.php?rest_route=\/wp\/v2\/types\/post"}],"author":[{"embeddable":true,"href":"http:\/\/www.mbnp.archidiecezja.wroc.pl\/index.php?rest_route=\/wp\/v2\/users\/7"}],"replies":[{"embeddable":true,"href":"http:\/\/www.mbnp.archidiecezja.wroc.pl\/index.php?rest_route=%2Fwp%2Fv2%2Fcomments&post=5667"}],"version-history":[{"count":4,"href":"http:\/\/www.mbnp.archidiecezja.wroc.pl\/index.php?rest_route=\/wp\/v2\/posts\/5667\/revisions"}],"predecessor-version":[{"id":5695,"href":"http:\/\/www.mbnp.archidiecezja.wroc.pl\/index.php?rest_route=\/wp\/v2\/posts\/5667\/revisions\/5695"}],"wp:attachment":[{"href":"http:\/\/www.mbnp.archidiecezja.wroc.pl\/index.php?rest_route=%2Fwp%2Fv2%2Fmedia&parent=5667"}],"wp:term":[{"taxonomy":"category","embeddable":true,"href":"http:\/\/www.mbnp.archidiecezja.wroc.pl\/index.php?rest_route=%2Fwp%2Fv2%2Fcategories&post=5667"},{"taxonomy":"post_tag","embeddable":true,"href":"http:\/\/www.mbnp.archidiecezja.wroc.pl\/index.php?rest_route=%2Fwp%2Fv2%2Ftags&post=5667"}],"curies":[{"name":"wp","href":"https:\/\/api.w.org\/{rel}","templated":true}]}}