{"id":5611,"date":"2021-11-21T16:56:43","date_gmt":"2021-11-21T15:56:43","guid":{"rendered":"http:\/\/www.mbnp.archidiecezja.wroc.pl\/?p=5611"},"modified":"2022-01-02T08:58:14","modified_gmt":"2022-01-02T07:58:14","slug":"uroczystosc-wprowadzenia-relikwii-bl-karoliny-kozkowny","status":"publish","type":"post","link":"http:\/\/www.mbnp.archidiecezja.wroc.pl\/?p=5611","title":{"rendered":"Uroczysto\u015b\u0107 wprowadzenia relikwii b\u0142. Karoliny K\u00f3zk\u00f3wny"},"content":{"rendered":"\n<p>21 listopada 2021r. do naszej \u015bwi\u0105tyni zosta\u0142y wprowadzone relikwie b\u0142. Karoliny K\u00f3zk\u00f3wny. Bogat\u0105 relacj\u0119 fotograficzn\u0105 mo\u017cemy znale\u017a\u0107 na stronie wroc\u0142awskiej edycji tygodnika Niedziela. <a href=\"https:\/\/m.facebook.com\/NiedzielaWroclawska\/photos\/pcb.859519961380274\/859518911380379\/?type=3&amp;source=49&amp;__tn__=EH-R\">https:\/\/m.facebook.com\/NiedzielaWroclawska\/photos\/pcb.859519961380274\/859518911380379\/?type=3&amp;source=49&amp;__tn__=EH-R<\/a><\/p>\n\n\n\n<p><\/p>\n\n\n\n<figure class=\"wp-block-embed\"><div class=\"wp-block-embed__wrapper\">\nhttps:\/\/m.facebook.com\/NiedzielaWroclawska\/photos\/pcb.859519961380274\/859518911380379\/?type=3&#038;source=49&#038;tn=EH-R\n<\/div><\/figure>\n\n\n\n<figure class=\"wp-block-image\"><img decoding=\"async\" loading=\"lazy\" width=\"346\" height=\"1024\" src=\"http:\/\/www.mbnp.archidiecezja.wroc.pl\/wp-content\/uploads\/2021\/11\/FB_IMG_16375104305343-346x1024.jpg\" alt=\"\" class=\"wp-image-5615\" srcset=\"http:\/\/www.mbnp.archidiecezja.wroc.pl\/wp-content\/uploads\/2021\/11\/FB_IMG_16375104305343-346x1024.jpg 346w, http:\/\/www.mbnp.archidiecezja.wroc.pl\/wp-content\/uploads\/2021\/11\/FB_IMG_16375104305343-101x300.jpg 101w, http:\/\/www.mbnp.archidiecezja.wroc.pl\/wp-content\/uploads\/2021\/11\/FB_IMG_16375104305343.jpg 377w\" sizes=\"(max-width: 346px) 100vw, 346px\" \/><\/figure>\n","protected":false},"excerpt":{"rendered":"<p>21 listopada 2021r. do naszej \u015bwi\u0105tyni zosta\u0142y wprowadzone relikwie b\u0142. Karoliny K\u00f3zk\u00f3wny. Bogat\u0105 relacj\u0119 fotograficzn\u0105 mo\u017cemy znale\u017a\u0107 na stronie wroc\u0142awskiej edycji tygodnika Niedziela. https:\/\/m.facebook.com\/NiedzielaWroclawska\/photos\/pcb.859519961380274\/859518911380379\/?type=3&amp;source=49&amp;__tn__=EH-R<\/p>\n","protected":false},"author":7,"featured_media":0,"comment_status":"closed","ping_status":"closed","sticky":false,"template":"","format":"standard","meta":[],"categories":[10],"tags":[],"_links":{"self":[{"href":"http:\/\/www.mbnp.archidiecezja.wroc.pl\/index.php?rest_route=\/wp\/v2\/posts\/5611"}],"collection":[{"href":"http:\/\/www.mbnp.archidiecezja.wroc.pl\/index.php?rest_route=\/wp\/v2\/posts"}],"about":[{"href":"http:\/\/www.mbnp.archidiecezja.wroc.pl\/index.php?rest_route=\/wp\/v2\/types\/post"}],"author":[{"embeddable":true,"href":"http:\/\/www.mbnp.archidiecezja.wroc.pl\/index.php?rest_route=\/wp\/v2\/users\/7"}],"replies":[{"embeddable":true,"href":"http:\/\/www.mbnp.archidiecezja.wroc.pl\/index.php?rest_route=%2Fwp%2Fv2%2Fcomments&post=5611"}],"version-history":[{"count":5,"href":"http:\/\/www.mbnp.archidiecezja.wroc.pl\/index.php?rest_route=\/wp\/v2\/posts\/5611\/revisions"}],"predecessor-version":[{"id":5617,"href":"http:\/\/www.mbnp.archidiecezja.wroc.pl\/index.php?rest_route=\/wp\/v2\/posts\/5611\/revisions\/5617"}],"wp:attachment":[{"href":"http:\/\/www.mbnp.archidiecezja.wroc.pl\/index.php?rest_route=%2Fwp%2Fv2%2Fmedia&parent=5611"}],"wp:term":[{"taxonomy":"category","embeddable":true,"href":"http:\/\/www.mbnp.archidiecezja.wroc.pl\/index.php?rest_route=%2Fwp%2Fv2%2Fcategories&post=5611"},{"taxonomy":"post_tag","embeddable":true,"href":"http:\/\/www.mbnp.archidiecezja.wroc.pl\/index.php?rest_route=%2Fwp%2Fv2%2Ftags&post=5611"}],"curies":[{"name":"wp","href":"https:\/\/api.w.org\/{rel}","templated":true}]}}