{"id":5586,"date":"2021-11-10T15:23:21","date_gmt":"2021-11-10T14:23:21","guid":{"rendered":"http:\/\/www.mbnp.archidiecezja.wroc.pl\/?p=5586"},"modified":"2022-01-02T08:58:57","modified_gmt":"2022-01-02T07:58:57","slug":"zaproszenie-arcybiskupa-wroclawskiego-na-swietowanie-sdm","status":"publish","type":"post","link":"http:\/\/www.mbnp.archidiecezja.wroc.pl\/?p=5586","title":{"rendered":"Zaproszenie Arcybiskupa Wroc\u0142awskiego na \u015bwi\u0119towanie \u015aDM"},"content":{"rendered":"<h2 class=\"art-postheader\">List J.E. Abpa J\u00f3zefa Kupnego &#8211; zaproszenie<\/h2>\n<div class=\"art-postcontent\">\n<div class=\"art-article\">\n<p><a href=\"https:\/\/www.archidiecezja.wroc.pl\/WD-komunikaty\/20211110_5.png\" rel=\"lightbox\"><img decoding=\"async\" src=\"https:\/\/www.archidiecezja.wroc.pl\/WD-komunikaty\/20211110_5.png\" width=\"380\" \/><\/a><\/p>\n<p><strong>Drodzy M\u0142odzi Przyjaciele!<\/strong><\/p>\n<p>Przed nami kolejny \u015awiatowy Dzie\u0144 M\u0142odzie\u017cy. W tym roku papie\u017c Franciszek chce, by\u015bmy \u015bwi\u0119towali go w ostatni\u0105 niedziel\u0119 roku liturgicznego\u00a0<strong>21 listopada<\/strong> w uroczysto\u015b\u0107 Chrystusa Kr\u00f3la.<\/p>\n<p>Serdecznie Was tego dnia zapraszam do Wroc\u0142awia na Ostr\u00f3w Tumski. Ka\u017cde spotkanie z Wami jest dla mnie niezwykle wa\u017cne, dodaje energii i si\u0142y do dzia\u0142ania, a przede wszystkim umacnia w nadziei na to, \u017ce w naszej archidiecezji mamy wspania\u0142\u0105 m\u0142odzie\u017c, kt\u00f3ra jest wierna wyznawanym przez siebie warto\u015bciom. Czas epidemii wiele razy krzy\u017cowa\u0142 nasze plany i uniemo\u017cliwia\u0142 spotkania twarz\u0105 w twarz. Znaczna cz\u0119\u015b\u0107 naszego \u017cycia przenios\u0142a si\u0119 do przestrzeni wirtualnej, jednak zapewne ka\u017cdemu z nas brakowa\u0142o takich zwyczajnych spotka\u0144 i rozm\u00f3w z przyjaci\u00f3\u0142mi.<\/p>\n<p>Dlatego prosz\u0119, b\u0105d\u017amy razem w t\u0119 Niedziel\u0119 M\u0142odych, a szczeg\u00f3lnie w czasie spotkania z Chrystusem na Eucharystii. Rozpoczniemy J\u0105 we wroc\u0142awskiej katedrze o godzinie 15.00. Zapro\u015bcie w moim imieniu Waszych przyjaci\u00f3\u0142, znajomych, koleg\u00f3w i kole\u017canki oraz wszystkich tych, kt\u00f3rzy czuj\u0105 si\u0119 m\u0142odzi duchem. Zako\u0144czmy ten rok liturgiczny razem z Jezusem, otwieraj\u0105c si\u0119 na to co dobre i pi\u0119kne.<\/p>\n<p>Has\u0142em tego dnia s\u0105 s\u0142owa wyj\u0119te z Dziej\u00f3w Apostolskich: &#8222;Wsta\u0144. Ustanawiam ci\u0119 \u015bwiadkiem tego, co zobaczy\u0142e\u015b.&#8221; Aby czego\u015b do\u015bwiadczy\u0107, potrzebna jest decyzja: &#8222;wstaj\u0119&#8221; &#8211; wyruszam w drog\u0119. I dzi\u015b o podj\u0119cie tej decyzji Was prosz\u0119. Przyb\u0105d\u017acie, by do\u015bwiadczy\u0107 Bo\u017cego dzia\u0142ania, kt\u00f3re ma moc zacz\u0105\u0107 nowy etap w Waszym \u017cyciu. By nasze spotkanie by\u0142o dla nas bezpieczne zabierzmy ze sob\u0105 maseczki i zechciejmy stosowa\u0107 si\u0119 do wszystkich obowi\u0105zuj\u0105cych zasad. Do zobaczenia we Wroc\u0142awiu.<\/p>\n<p><strong>+ J\u00f3zef Kupny<\/strong><\/p>\n<p>Arcybiskup Metropolita Wroc\u0142awski<\/p>\n<\/div>\n<\/div>\n","protected":false},"excerpt":{"rendered":"<p>List J.E. Abpa J\u00f3zefa Kupnego &#8211; zaproszenie Drodzy M\u0142odzi Przyjaciele! Przed nami kolejny \u015awiatowy Dzie\u0144 M\u0142odzie\u017cy. W tym roku papie\u017c Franciszek chce, by\u015bmy \u015bwi\u0119towali go w ostatni\u0105 niedziel\u0119 roku liturgicznego\u00a021 &#8230;<\/p>\n","protected":false},"author":7,"featured_media":0,"comment_status":"closed","ping_status":"closed","sticky":false,"template":"","format":"standard","meta":[],"categories":[10],"tags":[],"_links":{"self":[{"href":"http:\/\/www.mbnp.archidiecezja.wroc.pl\/index.php?rest_route=\/wp\/v2\/posts\/5586"}],"collection":[{"href":"http:\/\/www.mbnp.archidiecezja.wroc.pl\/index.php?rest_route=\/wp\/v2\/posts"}],"about":[{"href":"http:\/\/www.mbnp.archidiecezja.wroc.pl\/index.php?rest_route=\/wp\/v2\/types\/post"}],"author":[{"embeddable":true,"href":"http:\/\/www.mbnp.archidiecezja.wroc.pl\/index.php?rest_route=\/wp\/v2\/users\/7"}],"replies":[{"embeddable":true,"href":"http:\/\/www.mbnp.archidiecezja.wroc.pl\/index.php?rest_route=%2Fwp%2Fv2%2Fcomments&post=5586"}],"version-history":[{"count":3,"href":"http:\/\/www.mbnp.archidiecezja.wroc.pl\/index.php?rest_route=\/wp\/v2\/posts\/5586\/revisions"}],"predecessor-version":[{"id":5589,"href":"http:\/\/www.mbnp.archidiecezja.wroc.pl\/index.php?rest_route=\/wp\/v2\/posts\/5586\/revisions\/5589"}],"wp:attachment":[{"href":"http:\/\/www.mbnp.archidiecezja.wroc.pl\/index.php?rest_route=%2Fwp%2Fv2%2Fmedia&parent=5586"}],"wp:term":[{"taxonomy":"category","embeddable":true,"href":"http:\/\/www.mbnp.archidiecezja.wroc.pl\/index.php?rest_route=%2Fwp%2Fv2%2Fcategories&post=5586"},{"taxonomy":"post_tag","embeddable":true,"href":"http:\/\/www.mbnp.archidiecezja.wroc.pl\/index.php?rest_route=%2Fwp%2Fv2%2Ftags&post=5586"}],"curies":[{"name":"wp","href":"https:\/\/api.w.org\/{rel}","templated":true}]}}