{"id":5573,"date":"2021-11-11T14:18:03","date_gmt":"2021-11-11T13:18:03","guid":{"rendered":"http:\/\/www.mbnp.archidiecezja.wroc.pl\/?p=5573"},"modified":"2022-01-02T08:58:38","modified_gmt":"2022-01-02T07:58:38","slug":"bl-karolina-kozkowna","status":"publish","type":"post","link":"http:\/\/www.mbnp.archidiecezja.wroc.pl\/?p=5573","title":{"rendered":"B\u0142. Karolina K\u00f3zk\u00f3wna"},"content":{"rendered":"\n<figure class=\"wp-block-image\"><img decoding=\"async\" loading=\"lazy\" width=\"470\" height=\"701\" src=\"http:\/\/www.mbnp.archidiecezja.wroc.pl\/wp-content\/uploads\/2021\/11\/chustakarolina-sdm.jpg\" alt=\"\" class=\"wp-image-5575\" srcset=\"http:\/\/www.mbnp.archidiecezja.wroc.pl\/wp-content\/uploads\/2021\/11\/chustakarolina-sdm.jpg 470w, http:\/\/www.mbnp.archidiecezja.wroc.pl\/wp-content\/uploads\/2021\/11\/chustakarolina-sdm-201x300.jpg 201w\" sizes=\"(max-width: 470px) 100vw, 470px\" \/><\/figure>\n\n\n<p>Od tego roku, decyzj\u0105 Papie\u017ca Franciszka, diecezjalny etap \u015awiatowych Dni M\u0142odych b\u0119dzie obchodzony w Niedziel\u0119 Chrystusa Kr\u00f3la (do tej pory obchodzony by\u0142 w Niedziel\u0119 Palmow\u0105). Nasza Parafia w dniu obchod\u00f3w \u015awiatowego Dnia M\u0142odych wzbogaci si\u0119 w kolejne relikwie- b\u0142. Karoliny K\u00f3zk\u00f3wny. Zostan\u0105 one uroczy\u015bcie wprowadzone do naszej \u015awi\u0105tyni 21 listopada, podczas Mszy \u015bw. o godz. 12:30. B\u0142. Karolina zostanie og\u0142oszona Patronk\u0105 m\u0142odzie\u017cy naszej parafii. Wprowadzenie relikwii poprzedzi dziewi\u0119ciodniowa Nowenna ku czci b\u0142. Karoliny, na kt\u00f3r\u0105 zapraszamy codziennie, od 12 do 20 listopada, po wieczornej Mszy \u015bw.\u00a0<\/p>\n<p>Zach\u0119camy te\u017c do zapoznania si\u0119 z \u017cyciorysem b\u0142. Karoliny, kt\u00f3ry mo\u017cna znale\u017a\u0107 na stronie Sanktuarium B\u0142ogos\u0142awionej w Zabawie. Link do strony Sanktuarium zamieszczony poni\u017cej.\u00a0<\/p>\n<p>http:\/\/sanktuariumzabawa.pl\/index.php\/pl\/<\/p>","protected":false},"excerpt":{"rendered":"<p>Od tego roku, decyzj\u0105 Papie\u017ca Franciszka, diecezjalny etap \u015awiatowych Dni M\u0142odych b\u0119dzie obchodzony w Niedziel\u0119 Chrystusa Kr\u00f3la (do tej pory obchodzony by\u0142 w Niedziel\u0119 Palmow\u0105). Nasza Parafia w dniu obchod\u00f3w &#8230;<\/p>\n","protected":false},"author":7,"featured_media":0,"comment_status":"closed","ping_status":"closed","sticky":false,"template":"","format":"standard","meta":[],"categories":[10],"tags":[],"_links":{"self":[{"href":"http:\/\/www.mbnp.archidiecezja.wroc.pl\/index.php?rest_route=\/wp\/v2\/posts\/5573"}],"collection":[{"href":"http:\/\/www.mbnp.archidiecezja.wroc.pl\/index.php?rest_route=\/wp\/v2\/posts"}],"about":[{"href":"http:\/\/www.mbnp.archidiecezja.wroc.pl\/index.php?rest_route=\/wp\/v2\/types\/post"}],"author":[{"embeddable":true,"href":"http:\/\/www.mbnp.archidiecezja.wroc.pl\/index.php?rest_route=\/wp\/v2\/users\/7"}],"replies":[{"embeddable":true,"href":"http:\/\/www.mbnp.archidiecezja.wroc.pl\/index.php?rest_route=%2Fwp%2Fv2%2Fcomments&post=5573"}],"version-history":[{"count":10,"href":"http:\/\/www.mbnp.archidiecezja.wroc.pl\/index.php?rest_route=\/wp\/v2\/posts\/5573\/revisions"}],"predecessor-version":[{"id":5590,"href":"http:\/\/www.mbnp.archidiecezja.wroc.pl\/index.php?rest_route=\/wp\/v2\/posts\/5573\/revisions\/5590"}],"wp:attachment":[{"href":"http:\/\/www.mbnp.archidiecezja.wroc.pl\/index.php?rest_route=%2Fwp%2Fv2%2Fmedia&parent=5573"}],"wp:term":[{"taxonomy":"category","embeddable":true,"href":"http:\/\/www.mbnp.archidiecezja.wroc.pl\/index.php?rest_route=%2Fwp%2Fv2%2Fcategories&post=5573"},{"taxonomy":"post_tag","embeddable":true,"href":"http:\/\/www.mbnp.archidiecezja.wroc.pl\/index.php?rest_route=%2Fwp%2Fv2%2Ftags&post=5573"}],"curies":[{"name":"wp","href":"https:\/\/api.w.org\/{rel}","templated":true}]}}