{"id":5553,"date":"2021-10-29T09:44:30","date_gmt":"2021-10-29T07:44:30","guid":{"rendered":"http:\/\/www.mbnp.archidiecezja.wroc.pl\/?p=5553"},"modified":"2022-01-02T08:59:08","modified_gmt":"2022-01-02T07:59:08","slug":"odpust-zupelny-dla-zmarlych-jak-uzyskac-w-roku-2021-przez-caly-listopad","status":"publish","type":"post","link":"http:\/\/www.mbnp.archidiecezja.wroc.pl\/?p=5553","title":{"rendered":"Odpust zupe\u0142ny dla zmar\u0142ych \u2013 jak uzyska\u0107? W roku 2021 \u2013 w 8 dowolnie wybranych dni listopada."},"content":{"rendered":"\n<figure class=\"wp-block-image\"><img decoding=\"async\" loading=\"lazy\" width=\"900\" height=\"563\" src=\"http:\/\/www.mbnp.archidiecezja.wroc.pl\/wp-content\/uploads\/2021\/10\/DuszeCzy\u015b\u0107cowe.jpg\" alt=\"\" class=\"wp-image-5555\" srcset=\"http:\/\/www.mbnp.archidiecezja.wroc.pl\/wp-content\/uploads\/2021\/10\/DuszeCzy\u015b\u0107cowe.jpg 900w, http:\/\/www.mbnp.archidiecezja.wroc.pl\/wp-content\/uploads\/2021\/10\/DuszeCzy\u015b\u0107cowe-300x188.jpg 300w, http:\/\/www.mbnp.archidiecezja.wroc.pl\/wp-content\/uploads\/2021\/10\/DuszeCzy\u015b\u0107cowe-768x480.jpg 768w\" sizes=\"(max-width: 900px) 100vw, 900px\" \/><\/figure>\n\n\n\n<h4 class=\"wp-block-heading\">Tradycyjnie, nawiedzaj\u0105c z  modlitw\u0105 ko\u015bci\u00f3\u0142 lub kaplic\u0119 publiczn\u0105 w uroczysto\u015b\u0107 Wszystkich \u015awi\u0119tych  (1 listopada, od po\u0142udnia) oraz w Dniu Zadusznym (2 listopada), mo\u017cemy  pod zwyk\u0142ymi warunkami uzyska\u0107 odpust zupe\u0142ny, czyli ca\u0142kowite darowanie  kar dla dusz w czy\u015b\u0107cu cierpi\u0105cych. Ponadto wype\u0142niaj\u0105c okre\u015blone warunki, mo\u017cemy uzyska\u0107 odpust zupe\u0142ny od 1 do 8 listopada za pobo\u017cne (czyli modlitewne) nawiedzenie cmentarza. Odpust zupe\u0142ny mo\u017cemy uzyska\u0107 raz dziennie. W roku 2021, podobnie jak w 2020 Penitencjaria Apostolska og\u0142osi\u0142a, \u017ce \u201c<strong>odpusty zupe\u0142ne dla wiernych zmar\u0142ych b\u0119dzie mo\u017cna uzyska\u0107  w 8 dowolnie wybranych dni listopada\u201d.<\/strong><\/h4>\n\n\n\n<p>Penitencjaria Apostolska wprowadzi\u0142a te\u017c w roku 2020 i 2021 dodatkow\u0105  mo\u017cliwo\u015b\u0107 uzyskania odpustu zupe\u0142nego za zmar\u0142ych dla os\u00f3b starszych,  chorych i tych wszystkich \u201ckt\u00f3rzy z powa\u017cnych powod\u00f3w nie mog\u0105 opu\u015bci\u0107  domu, na przyk\u0142ad ze wzgl\u0119du na zakazy gromadzenia si\u0119 licznych wiernych  w miejscach \u015bwi\u0119tych\u2026\u201d<\/p>\n\n\n\n<p> <a href=\"https:\/\/episkopat.pl\/penitencjaria-apostolska-odpust-dla-wiernych-zmarlych-przez-caly-listopad\/\">https:\/\/episkopat.pl\/penitencjaria-apostolska-odpust-dla-wiernych-zmarlych-przez-caly-listopad<\/a><\/p>\n","protected":false},"excerpt":{"rendered":"<p>Tradycyjnie, nawiedzaj\u0105c z modlitw\u0105 ko\u015bci\u00f3\u0142 lub kaplic\u0119 publiczn\u0105 w uroczysto\u015b\u0107 Wszystkich \u015awi\u0119tych (1 listopada, od po\u0142udnia) oraz w Dniu Zadusznym (2 listopada), mo\u017cemy pod zwyk\u0142ymi warunkami uzyska\u0107 odpust zupe\u0142ny, czyli &#8230;<\/p>\n","protected":false},"author":7,"featured_media":0,"comment_status":"closed","ping_status":"closed","sticky":false,"template":"","format":"standard","meta":[],"categories":[10],"tags":[],"_links":{"self":[{"href":"http:\/\/www.mbnp.archidiecezja.wroc.pl\/index.php?rest_route=\/wp\/v2\/posts\/5553"}],"collection":[{"href":"http:\/\/www.mbnp.archidiecezja.wroc.pl\/index.php?rest_route=\/wp\/v2\/posts"}],"about":[{"href":"http:\/\/www.mbnp.archidiecezja.wroc.pl\/index.php?rest_route=\/wp\/v2\/types\/post"}],"author":[{"embeddable":true,"href":"http:\/\/www.mbnp.archidiecezja.wroc.pl\/index.php?rest_route=\/wp\/v2\/users\/7"}],"replies":[{"embeddable":true,"href":"http:\/\/www.mbnp.archidiecezja.wroc.pl\/index.php?rest_route=%2Fwp%2Fv2%2Fcomments&post=5553"}],"version-history":[{"count":5,"href":"http:\/\/www.mbnp.archidiecezja.wroc.pl\/index.php?rest_route=\/wp\/v2\/posts\/5553\/revisions"}],"predecessor-version":[{"id":5563,"href":"http:\/\/www.mbnp.archidiecezja.wroc.pl\/index.php?rest_route=\/wp\/v2\/posts\/5553\/revisions\/5563"}],"wp:attachment":[{"href":"http:\/\/www.mbnp.archidiecezja.wroc.pl\/index.php?rest_route=%2Fwp%2Fv2%2Fmedia&parent=5553"}],"wp:term":[{"taxonomy":"category","embeddable":true,"href":"http:\/\/www.mbnp.archidiecezja.wroc.pl\/index.php?rest_route=%2Fwp%2Fv2%2Fcategories&post=5553"},{"taxonomy":"post_tag","embeddable":true,"href":"http:\/\/www.mbnp.archidiecezja.wroc.pl\/index.php?rest_route=%2Fwp%2Fv2%2Ftags&post=5553"}],"curies":[{"name":"wp","href":"https:\/\/api.w.org\/{rel}","templated":true}]}}