{"id":5539,"date":"2021-10-24T12:05:53","date_gmt":"2021-10-24T10:05:53","guid":{"rendered":"http:\/\/www.mbnp.archidiecezja.wroc.pl\/?p=5539"},"modified":"2022-01-02T08:59:48","modified_gmt":"2022-01-02T07:59:48","slug":"pielgrzymka-do-grobow-bl-kardynala-stefana-wyszynskiego-i-bl-ks-jerzego-popieluszki","status":"publish","type":"post","link":"http:\/\/www.mbnp.archidiecezja.wroc.pl\/?p=5539","title":{"rendered":"Pielgrzymka do grob\u00f3w b\u0142. Kardyna\u0142a Stefana Wyszy\u0144skiego i b\u0142. Ks. Jerzego Popie\u0142uszki"},"content":{"rendered":"\n<figure class=\"wp-block-image\"><img decoding=\"async\" loading=\"lazy\" width=\"1024\" height=\"767\" src=\"http:\/\/www.mbnp.archidiecezja.wroc.pl\/wp-content\/uploads\/2021\/10\/Blogoslawieni-1024x767.jpg\" alt=\"\" class=\"wp-image-5544\" srcset=\"http:\/\/www.mbnp.archidiecezja.wroc.pl\/wp-content\/uploads\/2021\/10\/Blogoslawieni-1024x767.jpg 1024w, http:\/\/www.mbnp.archidiecezja.wroc.pl\/wp-content\/uploads\/2021\/10\/Blogoslawieni-300x225.jpg 300w, http:\/\/www.mbnp.archidiecezja.wroc.pl\/wp-content\/uploads\/2021\/10\/Blogoslawieni-768x576.jpg 768w, http:\/\/www.mbnp.archidiecezja.wroc.pl\/wp-content\/uploads\/2021\/10\/Blogoslawieni.jpg 1600w\" sizes=\"(max-width: 1024px) 100vw, 1024px\" \/><\/figure>\n\n\n\n<figure class=\"wp-block-image\"><img decoding=\"async\" loading=\"lazy\" width=\"769\" height=\"1024\" src=\"http:\/\/www.mbnp.archidiecezja.wroc.pl\/wp-content\/uploads\/2021\/10\/Plan-769x1024.jpg\" alt=\"\" class=\"wp-image-5545\" srcset=\"http:\/\/www.mbnp.archidiecezja.wroc.pl\/wp-content\/uploads\/2021\/10\/Plan-769x1024.jpg 769w, http:\/\/www.mbnp.archidiecezja.wroc.pl\/wp-content\/uploads\/2021\/10\/Plan-225x300.jpg 225w, http:\/\/www.mbnp.archidiecezja.wroc.pl\/wp-content\/uploads\/2021\/10\/Plan-768x1023.jpg 768w, http:\/\/www.mbnp.archidiecezja.wroc.pl\/wp-content\/uploads\/2021\/10\/Plan.jpg 1289w\" sizes=\"(max-width: 769px) 100vw, 769px\" \/><\/figure>\n\n\n\n<p>Zapraszamy do wzi\u0119cia udzia\u0142u w pielgrzymce autokarowej do grob\u00f3w b\u0142. Prymasa Tysi\u0105clecia i b\u0142. Ks. Jerzego Popie\u0142uszki. Szczeg\u00f3\u0142y na za\u0142\u0105czonym plakacie informacyjnym.<\/p>\n","protected":false},"excerpt":{"rendered":"<p>Zapraszamy do wzi\u0119cia udzia\u0142u w pielgrzymce autokarowej do grob\u00f3w b\u0142. Prymasa Tysi\u0105clecia i b\u0142. Ks. Jerzego Popie\u0142uszki. Szczeg\u00f3\u0142y na za\u0142\u0105czonym plakacie informacyjnym.<\/p>\n","protected":false},"author":7,"featured_media":0,"comment_status":"closed","ping_status":"closed","sticky":false,"template":"","format":"standard","meta":[],"categories":[10],"tags":[],"_links":{"self":[{"href":"http:\/\/www.mbnp.archidiecezja.wroc.pl\/index.php?rest_route=\/wp\/v2\/posts\/5539"}],"collection":[{"href":"http:\/\/www.mbnp.archidiecezja.wroc.pl\/index.php?rest_route=\/wp\/v2\/posts"}],"about":[{"href":"http:\/\/www.mbnp.archidiecezja.wroc.pl\/index.php?rest_route=\/wp\/v2\/types\/post"}],"author":[{"embeddable":true,"href":"http:\/\/www.mbnp.archidiecezja.wroc.pl\/index.php?rest_route=\/wp\/v2\/users\/7"}],"replies":[{"embeddable":true,"href":"http:\/\/www.mbnp.archidiecezja.wroc.pl\/index.php?rest_route=%2Fwp%2Fv2%2Fcomments&post=5539"}],"version-history":[{"count":6,"href":"http:\/\/www.mbnp.archidiecezja.wroc.pl\/index.php?rest_route=\/wp\/v2\/posts\/5539\/revisions"}],"predecessor-version":[{"id":5548,"href":"http:\/\/www.mbnp.archidiecezja.wroc.pl\/index.php?rest_route=\/wp\/v2\/posts\/5539\/revisions\/5548"}],"wp:attachment":[{"href":"http:\/\/www.mbnp.archidiecezja.wroc.pl\/index.php?rest_route=%2Fwp%2Fv2%2Fmedia&parent=5539"}],"wp:term":[{"taxonomy":"category","embeddable":true,"href":"http:\/\/www.mbnp.archidiecezja.wroc.pl\/index.php?rest_route=%2Fwp%2Fv2%2Fcategories&post=5539"},{"taxonomy":"post_tag","embeddable":true,"href":"http:\/\/www.mbnp.archidiecezja.wroc.pl\/index.php?rest_route=%2Fwp%2Fv2%2Ftags&post=5539"}],"curies":[{"name":"wp","href":"https:\/\/api.w.org\/{rel}","templated":true}]}}