{"id":5528,"date":"2021-10-04T18:15:37","date_gmt":"2021-10-04T16:15:37","guid":{"rendered":"http:\/\/www.mbnp.archidiecezja.wroc.pl\/?p=5528"},"modified":"2022-01-02T08:59:59","modified_gmt":"2022-01-02T07:59:59","slug":"xxi-dzien-papieski","status":"publish","type":"post","link":"http:\/\/www.mbnp.archidiecezja.wroc.pl\/?p=5528","title":{"rendered":"XXI Dzie\u0144 Papieski"},"content":{"rendered":"\n\n\n<p style=\"text-align:center\"><strong>NIE L\u0118KAJCIE SI\u0118!<br> XXI Dzie\u0144 Papieski<br> Niedziela, 10 pa\u017adziernika 2021 roku<\/strong><\/p>\n\n\n\n<p><em>Non abiate paura<\/em>. Nie l\u0119kajcie  si\u0119 otworzy\u0107 drzwi Chrystusowi. Ta najbardziej chyba znana na \u015bwiecie  wypowied\u017a Jana Paw\u0142a II pochodzi z jego homilii wyg\u0142oszonej  22 pa\u017adziernika 1978 roku podczas mszy \u015bwi\u0119tej na placu \u015bw. Piotra  w Rzymie, inauguruj\u0105cej jego pontyfikat, homilii programowej dla  kolejnych 27 lat dzia\u0142alno\u015bci polskiego papie\u017ca. \u201eNie l\u0119kajcie si\u0119, otw\u00f3rzcie, otw\u00f3rzcie  na o\u015bcie\u017c drzwi Chrystusowi\u201d \u2013 to s\u0142ynne zdanie wyst\u0119puje w drugiej  cz\u0119\u015bci homilii papie\u017ca i wynika z ca\u0142o\u015bci tego, co Jan Pawe\u0142 II chce  powiedzie\u0107 s\u0142uchaczom. Aby zrozumie\u0107 znaczenie tego zdania musimy  najpierw przyjrze\u0107 si\u0119 pierwszej cz\u0119\u015bci homilii, gdzie Jan Pawe\u0142 II  podkre\u015bla swoj\u0105 \u0142\u0105czno\u015b\u0107 ze \u015bw. Piotrem, pierwszym biskupem Rzymu  i pierwszym papie\u017cem.Jan Pawe\u0142 II przypomina wyznanie wiary  \u015bw. Piotra: \u201eTy\u015b jest Chrystus, Syn Boga \u017cywego\u201d (Mt 16,16). Po tym  wyznaniu wiary Chrystus wskazuje na przysz\u0142y prymat biskupa Rzymu  tworz\u0105c w ten spos\u00f3b struktur\u0119 swojego Ko\u015bcio\u0142a: \u201eB\u0142ogos\u0142awiony jeste\u015b,  Szymonie, synu Jony. Albowiem nie objawi\u0142y ci tego cia\u0142o i krew, lecz  Ojciec m\u00f3j, kt\u00f3ry jest w niebie. Ty jeste\u015b Piotr [czyli Ska\u0142a], i na tej  Skale zbuduj\u0119 Ko\u015bci\u00f3\u0142 m\u00f3j, a bramy piekielne go nie przemog\u0105. I tobie  dam klucze kr\u00f3lestwa niebieskiego; cokolwiek zwi\u0105\u017cesz na ziemi, b\u0119dzie  zwi\u0105zane w niebie, a co rozwi\u0105\u017cesz na ziemi, b\u0119dzie rozwi\u0105zane w niebie\u201d  (Mt 16, 17-19). W tym bardzo osobistym nawi\u0105zaniu do \u015bw.  Piotra Jan Pawe\u0142 II szuka drogi dla swojego rozpoczynaj\u0105cego si\u0119  pontyfikatu. Mo\u017cemy wskaza\u0107 na kilka takich wskaz\u00f3wek, kt\u00f3re potem b\u0119d\u0105  rozwijane w kolejnych papieskich homiliach, listach, encyklikach  i adhortacjach i kt\u00f3re teraz \u2013 szesna\u015bcie lat po zako\u0144czeniu pontyfikatu  Jana Paw\u0142a II \u2013 mog\u0105 s\u0142u\u017cy\u0107 jego interpretacji i zrozumieniu.Wyznanie wiary \u015bw. Piotra mia\u0142o swoje  Boskie \u017ar\u00f3d\u0142o: \u201eB\u0142ogos\u0142awiony jeste\u015b, Szymonie, synu Jony. Albowiem nie  objawi\u0142y ci tego cia\u0142o i krew, lecz Ojciec m\u00f3j, kt\u00f3ry jest w niebie\u201d.<br> Z przyj\u0119cia tej \u0142aski wiary przez pierwszego papie\u017ca tworzy si\u0119 Ko\u015bci\u00f3\u0142:  \u201eTy jeste\u015b Piotr [czyli Ska\u0142a], i na tej Skale zbuduj\u0119 Ko\u015bci\u00f3\u0142 m\u00f3j,  a bramy piekielne go nie przemog\u0105\u201d. To odniesienie do wiary \u015bw. Piotra i do  jego misji pozwala nam zrozumie\u0107, jak na sw\u00f3j rozpoczynaj\u0105cy si\u0119  pontyfikat patrzy\u0142 Jan Pawe\u0142 II. Tak jak pos\u0142usze\u0144stwo wiary \u015bw. Piotra  doprowadzi\u0142o go do Rzymu, gdzie odda\u0142 \u017cycie za wiar\u0119, tak wiara  w prowadzenie Bo\u017ce przyprowadzi\u0142a do Rzymu papie\u017ca \u201ez dalekiego kraju\u201d.  Istot\u0105 misji \u015bw. Piotra by\u0142o wskazywanie na Chrystusa; tak r\u00f3wnie\u017c swoj\u0105  misj\u0119 pojmuje polski Papie\u017c: \u201eNikt jeszcze nie przybli\u017cy\u0142 Boga \u017cywego  ludziom, nikt Go nie objawi\u0142 tak, jak to zrobi\u0142 On sam [Chrystus]. W  naszym poznaniu Boga, w naszym d\u0105\u017ceniu do Boga jeste\u015bmy zdani bez reszty  na pot\u0119g\u0119 tych s\u0142\u00f3w: \u2018Kto mnie widzi, widzi Ojca\u2019\u201d. Jedynym celem misji  Ko\u015bcio\u0142a i nowego papie\u017ca jest wskazywanie na Chrystusa, a poprzez to  odpowiadanie na ludzki g\u0142\u00f3d Boga i pytanie o sens \u017cycia. Papieska autorefleksja nad swoj\u0105  rozpoczynaj\u0105c\u0105 si\u0119 misj\u0105 ma jeszcze jedno, teologiczne i historyczne,  ale tym razem bardziej wsp\u00f3\u0142czesne odniesienie. Jan Pawe\u0142 II t\u0142umaczy,  dlaczego nie powr\u00f3ci\u0142 do tradycyjnego obrz\u0119du, kiedy na pocz\u0105tku  pontyfikatu nowy papie\u017c zak\u0142ada na g\u0142ow\u0119 tiar\u0119, potr\u00f3jn\u0105 koron\u0119.  Ostatnim papie\u017cem, kt\u00f3ry za\u0142o\u017cy\u0142 na g\u0142ow\u0119 tiar\u0119 by\u0142 Pawe\u0142 VI; uczyni\u0142 to  podczas inauguracji swojego pontyfikatu w 1963 roku. Potem \u017caden  z papie\u017cy nie u\u017cywa\u0142 ju\u017c tiary. Jan Pawe\u0142 II wyja\u015bnia w homilii,  dlaczego nie powr\u00f3ci\u0142 do tego tradycyjnego obrz\u0119du. Tiara, jak t\u0142umaczy  papie\u017c, nie wchodz\u0105c w historyczne spory dotycz\u0105ce znaczenia trzech  koron, jest dzi\u015b postrzegana jako \u201esymbol doczesnej w\u0142adzy papie\u017cy\u201d.  Obecnie, podkre\u015bla Jan Pawe\u0142 II, konieczne jest podkre\u015blenie, \u017ce jedyna  w\u0142adza Ko\u015bcio\u0142a polega na uczestnictwie w potr\u00f3jnej w\u0142adzy Chrystusa:  kap\u0142ana, proroka i kr\u00f3la. Na wz\u00f3r Chrystusa, kt\u00f3ry \u201enie przyszed\u0142, aby  Mu s\u0142u\u017cono, lecz \u017ceby s\u0142u\u017cy\u0107 i da\u0107 swoje \u017cycie na okup za wielu\u201d (Mk 10,  45), Ko\u015bci\u00f3\u0142 musi postrzega\u0107 swoj\u0105 w\u0142adz\u0119 jako s\u0142u\u017cb\u0119 cz\u0142owiekowi. W  tej potr\u00f3jnej s\u0142u\u017cebnej w\u0142adzy uczestnicz\u0105 wszyscy ochrzczeni. W\u0142adza  i pos\u0142anie jako s\u0142u\u017cba. Dopiero w \u015bwietle tej pierwszej cz\u0119\u015bci  homilii Jana Paw\u0142a II mo\u017cemy w\u0142a\u015bciwie zrozumie\u0107 s\u0142owa rozpoczynaj\u0105ce  drug\u0105 cz\u0119\u015b\u0107 homilii: \u201eBracia i Siostry, nie l\u0119kajcie si\u0119 przygarn\u0105\u0107  Chrystusa i przyj\u0105\u0107 Jego w\u0142adz\u0119, pom\u00f3\u017ccie Papie\u017cowi i wszystkim tym,  kt\u00f3rzy pragn\u0105 s\u0142u\u017cy\u0107 Chrystusowi, s\u0142u\u017cy\u0107 cz\u0142owiekowi i ca\u0142ej ludzko\u015bci.  Nie l\u0119kajcie si\u0119, otw\u00f3rzcie, otw\u00f3rzcie na o\u015bcie\u017c drzwi Chrystusowi. Dla  Jego zbawczej w\u0142adzy otw\u00f3rzcie granice pa\u0144stw, system\u00f3w ekonomicznych  i politycznych, szerokie dziedziny kultury, cywilizacji, rozwoju!\u201d. Celem Ko\u015bcio\u0142a nie jest poszerzanie  swojej doczesnej w\u0142adzy, ale s\u0142u\u017cba cz\u0142owiekowi; wskazywanie na  Chrystusa dla dobra cz\u0142owieka. Odczytuj\u0105c na nowo papiesk\u0105 homili\u0119 po 32  latach nale\u017cy postawi\u0107 pytanie, czy Ko\u015bci\u00f3\u0142 jest wierny tej misji? Czy  Ko\u015bci\u00f3\u0142 jako ca\u0142o\u015b\u0107: wsp\u00f3lnota biskup\u00f3w i kap\u0142an\u00f3w, zakonnik\u00f3w  i zakonnic, \u015bwieckich m\u0119\u017cczyzn i kobiet rzeczywi\u015bcie wskazuje na  Chrystusa? Co przeszkadza w tej przezroczysto\u015bci, dzi\u0119ki kt\u00f3rej osoby  szczerze szukaj\u0105ce Boga, ale pozostaj\u0105ce poza Ko\u015bcio\u0142em mog\u0142yby  rozpozna\u0107 w nim \u201esakrament zbawienia\u201d? Czy rzeczywi\u015bcie Ko\u015bci\u00f3\u0142 s\u0142u\u017cy?  Czy s\u0142u\u017c\u0105 polskie kurie diecezjalne, parafie i klasztory? Pytanie o s\u0142u\u017cb\u0119 stawia jeszcze jedno  bardziej podstawowe pytanie: o szacunek dla cz\u0142owieka, dla ka\u017cdego  cz\u0142owieka. Na ten fundamentalny warunek \u017cycia spo\u0142ecznego, a tak\u017ce  powodzenia misji Ko\u015bcio\u0142a w pluralistycznym spo\u0142ecze\u0144stwie Jan Pawe\u0142 II  zwraca uwag\u0119 w ostatnich s\u0142owach swojej homilii, kiedy m\u00f3wi: \u201ezwracam  si\u0119 do wszystkich ludzi, do ka\u017cdego cz\u0142owieka (z jak\u0105 czci\u0105 aposto\u0142  Chrystusa musi wymawia\u0107 to s\u0142owo \u2018cz\u0142owiek\u2019)\u201d. \u017byjemy w coraz bardziej  podzielonym \u015bwiecie, gdzie g\u0142\u0119bokie r\u00f3\u017cnice pogl\u0105d\u00f3w politycznych  i etycznych sprawiaj\u0105 cz\u0119sto, \u017ce ludzie nie mog\u0105 ju\u017c ze sob\u0105 rozmawia\u0107.  W tym podzielonym i sk\u0142\u00f3conym \u015bwiecie Ko\u015bci\u00f3\u0142 jest pos\u0142any do ka\u017cdego  cz\u0142owieka i z ka\u017cdym cz\u0142owiekiem chce rozmawia\u0107, bo ka\u017cdego cz\u0142owieka  dosi\u0119ga mi\u0142uj\u0105ce spojrzenie Chrystusa \u2013 Zbawiciela. Aby taka rozmowa  by\u0142a mo\u017cliwa, w \u015bwiecie, gdzie miejsce dialogu cz\u0119sto zajmuje przemoc,  Ko\u015bci\u00f3\u0142 musi by\u0107 miejscem szacunku dla ka\u017cdego cz\u0142owieka. Czy  rzeczywi\u015bcie tak jest? Czy chrze\u015bcijanie wystarczaj\u0105co jasno odcinaj\u0105  si\u0119 od wszelkich postaw zwi\u0105zanych z pogard\u0105 i nienawi\u015bci\u0105? Bez postawienia tych trudnych pyta\u0144  i udzielenia na nie szczerej odpowiedzi nie mo\u017cna przej\u015b\u0107 do drugiego  pytania, kt\u00f3re stawia inauguracyjna homilia Jana Paw\u0142a II. To pytanie  o drzwi, przestrzenie zamkni\u0119te ze strachu przed Chrystusem: polityczne,  ekonomiczne i kulturowe. Te dwa pytania i zagadnienia s\u0105 ze sob\u0105\u00a0  \u015bci\u015ble zwi\u0105zane. Wielorakie s\u0105 przyczyny tego, \u017ce drzwi przed  Chrystusem s\u0105 zamkni\u0119te, a ludzie i ca\u0142e spo\u0142eczno\u015bci odwracaj\u0105 si\u0119 od  Ko\u015bcio\u0142a i Ewangelii. Nierzadko przyczyn\u0105 takich postaw jest widzenie,  a cz\u0119sto tak\u017ce bolesne do\u015bwiadczenie, grzechu i z\u0142a w Ko\u015bciele.  Niew\u0105tpliwie, mamy r\u00f3wnie\u017c do czynienia z nierzetelnym i karykaturalnym  przedstawianiem chrze\u015bcijan w mass-mediach i kulturze popularnej. Dobro  jest przemilczane i pomniejszane; upadki, s\u0142abo\u015bci i grzechy s\u0105  eksponowane jako jedyna prawda o Ko\u015bciele. Konsumpcyjna, relatywistyczna  i pragmatyczna kultura zwalnia ludzi ze stawiania sobie wysokich  wymaga\u0144 moralnych. Jak ukazuje Jan Pawe\u0142 II w swojej  inauguracyjnej homilii i w czasie ca\u0142ego pontyfikatu jedyn\u0105 w\u0142a\u015bciw\u0105  odpowiedzi\u0105 Ko\u015bcio\u0142a na rzeczywisto\u015b\u0107 niech\u0119ci, odmowy s\u0142uchania  Ewangelii i zamkni\u0119tych drzwi jest nawr\u00f3cenie i prawda. Nawr\u00f3cenie  wszystkich chrze\u015bcijan jest konieczne, aby m\u00f3c wskazywa\u0107 na Chrystusa;  ca\u0142a prawda o Ko\u015bciele, o jego cieniach i blaskach, ma\u0142o\u015bci i wielko\u015bci,  jest konieczna dla jego wiarygodno\u015bci. Ko\u015bci\u00f3\u0142, kt\u00f3ry m\u00f3wi do \u015bwiata:  \u201epoznacie prawd\u0119, a prawda was wyzwoli\u201d (J 8, 32), musi te s\u0142owa  Chrystusa najpierw odnie\u015b\u0107 do siebie. Jedynie wiarygodny Ko\u015bci\u00f3\u0142,  wskazuj\u0105c na Chrystusa, mo\u017ce odpowiedzie\u0107 na ka\u017cdy ludzki l\u0119k, tak\u017ce na  ten najpowa\u017cniejszy \u2013 l\u0119k przed Bogiem i Chrystusem, odmow\u0119 s\u0142uchania  Ewangelii i rzeczywisto\u015b\u0107 zamkni\u0119tych serc. Jedynie Chrystus, kt\u00f3ry ma moc  przechodzenia mimo drzwi zamkni\u0119tych i dotarcia nawet do zamkni\u0119tego  serca mo\u017ce odpowiedzie\u0107 na inne ludzkie l\u0119ki: przed przysz\u0142o\u015bci\u0105, utrat\u0105  pracy, chorob\u0105, a ostatecznie \u015bmierci\u0105. Dlatego w\u0142a\u015bnie Jan Pawe\u0142 prosi  na koniec w swojej inauguracyjnej homilii: \u201eDzisiaj cz\u0119sto cz\u0142owiek nie  wie, co kryje si\u0119 w jego wn\u0119trzu, w g\u0142\u0119boko\u015bci jego duszy i serca. Tak  cz\u0119sto niepewny sensu \u017cycia na tej ziemi i ogarni\u0119ty zw\u0105tpieniem, kt\u00f3re  zamienia si\u0119 w rozpacz. Pozw\u00f3lcie wi\u0119c, prosz\u0119 was, b\u0142agam was z pokor\u0105  i zaufaniem! Pozw\u00f3lcie Chrystusowi m\u00f3wi\u0107 do cz\u0142owieka!\u201d.  <\/p>\n\n\n\n<figure class=\"wp-block-image\"><img decoding=\"async\" loading=\"lazy\" width=\"719\" height=\"1024\" src=\"http:\/\/www.mbnp.archidiecezja.wroc.pl\/wp-content\/uploads\/2021\/10\/dzien_papieski-719x1024.jpg\" alt=\"\" class=\"wp-image-5529\" srcset=\"http:\/\/www.mbnp.archidiecezja.wroc.pl\/wp-content\/uploads\/2021\/10\/dzien_papieski-719x1024.jpg 719w, http:\/\/www.mbnp.archidiecezja.wroc.pl\/wp-content\/uploads\/2021\/10\/dzien_papieski-211x300.jpg 211w, http:\/\/www.mbnp.archidiecezja.wroc.pl\/wp-content\/uploads\/2021\/10\/dzien_papieski.jpg 750w\" sizes=\"(max-width: 719px) 100vw, 719px\" \/><\/figure>\n","protected":false},"excerpt":{"rendered":"<p>NIE L\u0118KAJCIE SI\u0118! XXI Dzie\u0144 Papieski Niedziela, 10 pa\u017adziernika 2021 roku Non abiate paura. Nie l\u0119kajcie si\u0119 otworzy\u0107 drzwi Chrystusowi. Ta najbardziej chyba znana na \u015bwiecie wypowied\u017a Jana Paw\u0142a II &#8230;<\/p>\n","protected":false},"author":7,"featured_media":0,"comment_status":"closed","ping_status":"closed","sticky":false,"template":"","format":"standard","meta":[],"categories":[10],"tags":[],"_links":{"self":[{"href":"http:\/\/www.mbnp.archidiecezja.wroc.pl\/index.php?rest_route=\/wp\/v2\/posts\/5528"}],"collection":[{"href":"http:\/\/www.mbnp.archidiecezja.wroc.pl\/index.php?rest_route=\/wp\/v2\/posts"}],"about":[{"href":"http:\/\/www.mbnp.archidiecezja.wroc.pl\/index.php?rest_route=\/wp\/v2\/types\/post"}],"author":[{"embeddable":true,"href":"http:\/\/www.mbnp.archidiecezja.wroc.pl\/index.php?rest_route=\/wp\/v2\/users\/7"}],"replies":[{"embeddable":true,"href":"http:\/\/www.mbnp.archidiecezja.wroc.pl\/index.php?rest_route=%2Fwp%2Fv2%2Fcomments&post=5528"}],"version-history":[{"count":1,"href":"http:\/\/www.mbnp.archidiecezja.wroc.pl\/index.php?rest_route=\/wp\/v2\/posts\/5528\/revisions"}],"predecessor-version":[{"id":5530,"href":"http:\/\/www.mbnp.archidiecezja.wroc.pl\/index.php?rest_route=\/wp\/v2\/posts\/5528\/revisions\/5530"}],"wp:attachment":[{"href":"http:\/\/www.mbnp.archidiecezja.wroc.pl\/index.php?rest_route=%2Fwp%2Fv2%2Fmedia&parent=5528"}],"wp:term":[{"taxonomy":"category","embeddable":true,"href":"http:\/\/www.mbnp.archidiecezja.wroc.pl\/index.php?rest_route=%2Fwp%2Fv2%2Fcategories&post=5528"},{"taxonomy":"post_tag","embeddable":true,"href":"http:\/\/www.mbnp.archidiecezja.wroc.pl\/index.php?rest_route=%2Fwp%2Fv2%2Ftags&post=5528"}],"curies":[{"name":"wp","href":"https:\/\/api.w.org\/{rel}","templated":true}]}}