{"id":5499,"date":"2021-09-30T16:25:32","date_gmt":"2021-09-30T14:25:32","guid":{"rendered":"http:\/\/www.mbnp.archidiecezja.wroc.pl\/?p=5499"},"modified":"2022-01-02T09:00:28","modified_gmt":"2022-01-02T08:00:28","slug":"poswiecenie-narodu-i-kosciola-sw-jozefowi","status":"publish","type":"post","link":"http:\/\/www.mbnp.archidiecezja.wroc.pl\/?p=5499","title":{"rendered":"Po\u015bwi\u0119cenie Narodu i Ko\u015bcio\u0142a \u015bw. J\u00f3zefowi"},"content":{"rendered":"\n<h3 class=\"wp-block-heading\">7 pa\u017adziernika w Narodowym Sanktuarium \u015bw. J\u00f3zefa w Kaliszu abp Stanis\u0142aw G\u0105decki dokona aktu Zawierzenia Narodu i Ko\u015bcio\u0142a w Polsce \u015awi\u0119temu J\u00f3zefowi. Wydarzenie poprzedz\u0105 narodowe rekolekcje, kt\u00f3re b\u0119d\u0105 prze\u017cywane pod has\u0142em \u201eOjcowskiemu Sercu zawierzamy\u201d.<\/h3>\n\n\n\n<p>\u2013 Zawierzenie to wymaga od nas przede wszystkim ducha wiary, duchowego otwarcia i dyspozycyjno\u015bci. Przez ten akt, przywo\u0142uj\u0105cy wstawiennictwa i opieki \u015bw. J\u00f3zefa, wielkiego or\u0119downika, zobowi\u0105zujemy si\u0119, \u017ce na wszystko, co si\u0119 dzieje w naszym \u017cyciu osobistym, rodzinnym i w \u017cyciu naszej Ojczyzny b\u0119dziemy spogl\u0105da\u0107 w duchu wiary \u2013 powiedzia\u0142 w rozmowie z KAI biskup kaliski Damian Bryl.<\/p>\n\n\n\n<p>Duchowny zach\u0119ca wiernych, aby nale\u017cycie przygotowali si\u0119 do tej uroczysto\u015bci poprzez udzia\u0142 w narodowych rekolekcjach. Rekolekcje w Narodowym Sanktuarium \u015bw. J\u00f3zefa w Kaliszu rozpoczn\u0105 si\u0119 3 pa\u017adziernika Msz\u0105 \u015bw. pod przewodnictwem biskupa kaliskiego Damiana Bryla i zako\u0144cz\u0105 7 pa\u017adziernika. Tematyka dotyczy\u0107 b\u0119dzie kilku przestrzeni zwi\u0105zanych ze \u015bw. J\u00f3zefem: Opiekun Ko\u015bcio\u0142a, ma\u0142\u017ce\u0144stwo, \u017cycie, ojcostwo oraz istota i cel modlitwy zawierzenia.<\/p>\n\n\n\n<p>\u2013 Zapraszam wszystkich, aby w miar\u0119 swoich mo\u017cliwo\u015bci czasowych uczestniczyli w wybranych przez siebie punktach programu rekolekcyjnego. Na ka\u017cdy dzie\u0144 rekolekcji chc\u0119 szczeg\u00f3lnie zaprosi\u0107 konkretne grupy wiernych. Wszystkich pozostaj\u0105cych w swoich domach, zach\u0119cam, aby prze\u017cyli ten b\u0142ogos\u0142awiony czas korzystaj\u0105c z licznych transmisji w mediach.<\/p>\n\n\n\n<figure class=\"wp-block-image\"><img decoding=\"async\" loading=\"lazy\" width=\"338\" height=\"396\" src=\"http:\/\/www.mbnp.archidiecezja.wroc.pl\/wp-content\/uploads\/2021\/09\/IMG_22212.jpg\" alt=\"\" class=\"wp-image-5507\" srcset=\"http:\/\/www.mbnp.archidiecezja.wroc.pl\/wp-content\/uploads\/2021\/09\/IMG_22212.jpg 338w, http:\/\/www.mbnp.archidiecezja.wroc.pl\/wp-content\/uploads\/2021\/09\/IMG_22212-256x300.jpg 256w\" sizes=\"(max-width: 338px) 100vw, 338px\" \/><\/figure>\n","protected":false},"excerpt":{"rendered":"<p>7 pa\u017adziernika w Narodowym Sanktuarium \u015bw. J\u00f3zefa w Kaliszu abp Stanis\u0142aw G\u0105decki dokona aktu Zawierzenia Narodu i Ko\u015bcio\u0142a w Polsce \u015awi\u0119temu J\u00f3zefowi. Wydarzenie poprzedz\u0105 narodowe rekolekcje, kt\u00f3re b\u0119d\u0105 prze\u017cywane pod &#8230;<\/p>\n","protected":false},"author":7,"featured_media":0,"comment_status":"closed","ping_status":"closed","sticky":false,"template":"","format":"standard","meta":[],"categories":[10],"tags":[],"_links":{"self":[{"href":"http:\/\/www.mbnp.archidiecezja.wroc.pl\/index.php?rest_route=\/wp\/v2\/posts\/5499"}],"collection":[{"href":"http:\/\/www.mbnp.archidiecezja.wroc.pl\/index.php?rest_route=\/wp\/v2\/posts"}],"about":[{"href":"http:\/\/www.mbnp.archidiecezja.wroc.pl\/index.php?rest_route=\/wp\/v2\/types\/post"}],"author":[{"embeddable":true,"href":"http:\/\/www.mbnp.archidiecezja.wroc.pl\/index.php?rest_route=\/wp\/v2\/users\/7"}],"replies":[{"embeddable":true,"href":"http:\/\/www.mbnp.archidiecezja.wroc.pl\/index.php?rest_route=%2Fwp%2Fv2%2Fcomments&post=5499"}],"version-history":[{"count":8,"href":"http:\/\/www.mbnp.archidiecezja.wroc.pl\/index.php?rest_route=\/wp\/v2\/posts\/5499\/revisions"}],"predecessor-version":[{"id":5508,"href":"http:\/\/www.mbnp.archidiecezja.wroc.pl\/index.php?rest_route=\/wp\/v2\/posts\/5499\/revisions\/5508"}],"wp:attachment":[{"href":"http:\/\/www.mbnp.archidiecezja.wroc.pl\/index.php?rest_route=%2Fwp%2Fv2%2Fmedia&parent=5499"}],"wp:term":[{"taxonomy":"category","embeddable":true,"href":"http:\/\/www.mbnp.archidiecezja.wroc.pl\/index.php?rest_route=%2Fwp%2Fv2%2Fcategories&post=5499"},{"taxonomy":"post_tag","embeddable":true,"href":"http:\/\/www.mbnp.archidiecezja.wroc.pl\/index.php?rest_route=%2Fwp%2Fv2%2Ftags&post=5499"}],"curies":[{"name":"wp","href":"https:\/\/api.w.org\/{rel}","templated":true}]}}