{"id":5470,"date":"2021-08-30T19:51:07","date_gmt":"2021-08-30T17:51:07","guid":{"rendered":"http:\/\/www.mbnp.archidiecezja.wroc.pl\/?p=5470"},"modified":"2022-01-02T09:01:31","modified_gmt":"2022-01-02T08:01:31","slug":"poswiecenie-tornistrow-i-przyborow-szkolnych","status":"publish","type":"post","link":"http:\/\/www.mbnp.archidiecezja.wroc.pl\/?p=5470","title":{"rendered":"Po\u015bwi\u0119cenie tornistr\u00f3w i przybor\u00f3w szkolnych"},"content":{"rendered":"\n<figure class=\"wp-block-image\"><img decoding=\"async\" loading=\"lazy\" width=\"227\" height=\"222\" src=\"http:\/\/www.mbnp.archidiecezja.wroc.pl\/wp-content\/uploads\/2021\/09\/pobrane.jpeg\" alt=\"\" class=\"wp-image-5472\" srcset=\"http:\/\/www.mbnp.archidiecezja.wroc.pl\/wp-content\/uploads\/2021\/09\/pobrane.jpeg 227w, http:\/\/www.mbnp.archidiecezja.wroc.pl\/wp-content\/uploads\/2021\/09\/pobrane-60x60.jpeg 60w\" sizes=\"(max-width: 227px) 100vw, 227px\" \/><figcaption>W niedziel\u0119 05 wrze\u015bnia, na Mszy \u015bwi\u0119tej o godz. 11:00 b\u0119dzie mia\u0142o miejsce po\u015bwi\u0119cenie tornistr\u00f3w i przybor\u00f3w szkolnych. Zach\u0119camy dzieci do przyniesienia do \u015bwi\u0105tyni swoich szkolnych skarb\u00f3w<\/figcaption><\/figure>\n","protected":false},"excerpt":{"rendered":"","protected":false},"author":7,"featured_media":0,"comment_status":"closed","ping_status":"closed","sticky":false,"template":"","format":"standard","meta":[],"categories":[10],"tags":[],"_links":{"self":[{"href":"http:\/\/www.mbnp.archidiecezja.wroc.pl\/index.php?rest_route=\/wp\/v2\/posts\/5470"}],"collection":[{"href":"http:\/\/www.mbnp.archidiecezja.wroc.pl\/index.php?rest_route=\/wp\/v2\/posts"}],"about":[{"href":"http:\/\/www.mbnp.archidiecezja.wroc.pl\/index.php?rest_route=\/wp\/v2\/types\/post"}],"author":[{"embeddable":true,"href":"http:\/\/www.mbnp.archidiecezja.wroc.pl\/index.php?rest_route=\/wp\/v2\/users\/7"}],"replies":[{"embeddable":true,"href":"http:\/\/www.mbnp.archidiecezja.wroc.pl\/index.php?rest_route=%2Fwp%2Fv2%2Fcomments&post=5470"}],"version-history":[{"count":4,"href":"http:\/\/www.mbnp.archidiecezja.wroc.pl\/index.php?rest_route=\/wp\/v2\/posts\/5470\/revisions"}],"predecessor-version":[{"id":5475,"href":"http:\/\/www.mbnp.archidiecezja.wroc.pl\/index.php?rest_route=\/wp\/v2\/posts\/5470\/revisions\/5475"}],"wp:attachment":[{"href":"http:\/\/www.mbnp.archidiecezja.wroc.pl\/index.php?rest_route=%2Fwp%2Fv2%2Fmedia&parent=5470"}],"wp:term":[{"taxonomy":"category","embeddable":true,"href":"http:\/\/www.mbnp.archidiecezja.wroc.pl\/index.php?rest_route=%2Fwp%2Fv2%2Fcategories&post=5470"},{"taxonomy":"post_tag","embeddable":true,"href":"http:\/\/www.mbnp.archidiecezja.wroc.pl\/index.php?rest_route=%2Fwp%2Fv2%2Ftags&post=5470"}],"curies":[{"name":"wp","href":"https:\/\/api.w.org\/{rel}","templated":true}]}}