{"id":5462,"date":"2021-09-01T19:24:00","date_gmt":"2021-09-01T17:24:00","guid":{"rendered":"http:\/\/www.mbnp.archidiecezja.wroc.pl\/?p=5462"},"modified":"2022-01-02T09:01:15","modified_gmt":"2022-01-02T08:01:15","slug":"podwojna-beatyfikacja-12-wrzesnia-2021r","status":"publish","type":"post","link":"http:\/\/www.mbnp.archidiecezja.wroc.pl\/?p=5462","title":{"rendered":"Podw\u00f3jna beatyfikacja, 12 wrze\u015bnia 2021r."},"content":{"rendered":"\n<figure class=\"wp-block-image\"><img decoding=\"async\" loading=\"lazy\" width=\"1024\" height=\"1024\" src=\"http:\/\/www.mbnp.archidiecezja.wroc.pl\/wp-content\/uploads\/2021\/09\/gotoweee-1024x1024.jpg\" alt=\"\" class=\"wp-image-5464\" srcset=\"http:\/\/www.mbnp.archidiecezja.wroc.pl\/wp-content\/uploads\/2021\/09\/gotoweee-1024x1024.jpg 1024w, http:\/\/www.mbnp.archidiecezja.wroc.pl\/wp-content\/uploads\/2021\/09\/gotoweee-150x150.jpg 150w, http:\/\/www.mbnp.archidiecezja.wroc.pl\/wp-content\/uploads\/2021\/09\/gotoweee-300x300.jpg 300w, http:\/\/www.mbnp.archidiecezja.wroc.pl\/wp-content\/uploads\/2021\/09\/gotoweee-768x768.jpg 768w, http:\/\/www.mbnp.archidiecezja.wroc.pl\/wp-content\/uploads\/2021\/09\/gotoweee-60x60.jpg 60w\" sizes=\"(max-width: 1024px) 100vw, 1024px\" \/><figcaption>Zapraszamy do odwiedzania oficjalnej strony internetowej po\u015bwi\u0119conej zbli\u017caj\u0105cej si\u0119 beatyfikacji. Znale\u017a\u0107 tam mo\u017cna m. in. materia\u0142y informacyjne, teksty do duchowego przygotowania oraz komunikaty organizacyjne.<br><a href=\"https:\/\/beatyfikacja.info\/\">https:\/\/beatyfikacja.info\/<\/a><br><br><\/figcaption><\/figure>\n","protected":false},"excerpt":{"rendered":"","protected":false},"author":7,"featured_media":0,"comment_status":"closed","ping_status":"closed","sticky":false,"template":"","format":"standard","meta":[],"categories":[10],"tags":[],"_links":{"self":[{"href":"http:\/\/www.mbnp.archidiecezja.wroc.pl\/index.php?rest_route=\/wp\/v2\/posts\/5462"}],"collection":[{"href":"http:\/\/www.mbnp.archidiecezja.wroc.pl\/index.php?rest_route=\/wp\/v2\/posts"}],"about":[{"href":"http:\/\/www.mbnp.archidiecezja.wroc.pl\/index.php?rest_route=\/wp\/v2\/types\/post"}],"author":[{"embeddable":true,"href":"http:\/\/www.mbnp.archidiecezja.wroc.pl\/index.php?rest_route=\/wp\/v2\/users\/7"}],"replies":[{"embeddable":true,"href":"http:\/\/www.mbnp.archidiecezja.wroc.pl\/index.php?rest_route=%2Fwp%2Fv2%2Fcomments&post=5462"}],"version-history":[{"count":6,"href":"http:\/\/www.mbnp.archidiecezja.wroc.pl\/index.php?rest_route=\/wp\/v2\/posts\/5462\/revisions"}],"predecessor-version":[{"id":5469,"href":"http:\/\/www.mbnp.archidiecezja.wroc.pl\/index.php?rest_route=\/wp\/v2\/posts\/5462\/revisions\/5469"}],"wp:attachment":[{"href":"http:\/\/www.mbnp.archidiecezja.wroc.pl\/index.php?rest_route=%2Fwp%2Fv2%2Fmedia&parent=5462"}],"wp:term":[{"taxonomy":"category","embeddable":true,"href":"http:\/\/www.mbnp.archidiecezja.wroc.pl\/index.php?rest_route=%2Fwp%2Fv2%2Fcategories&post=5462"},{"taxonomy":"post_tag","embeddable":true,"href":"http:\/\/www.mbnp.archidiecezja.wroc.pl\/index.php?rest_route=%2Fwp%2Fv2%2Ftags&post=5462"}],"curies":[{"name":"wp","href":"https:\/\/api.w.org\/{rel}","templated":true}]}}