{"id":5459,"date":"2021-08-30T15:15:35","date_gmt":"2021-08-30T13:15:35","guid":{"rendered":"http:\/\/www.mbnp.archidiecezja.wroc.pl\/?p=5459"},"modified":"2022-01-02T09:01:44","modified_gmt":"2022-01-02T08:01:44","slug":"msze-swiete-od-wrzesnia","status":"publish","type":"post","link":"http:\/\/www.mbnp.archidiecezja.wroc.pl\/?p=5459","title":{"rendered":"Msze \u015bwi\u0119te od wrze\u015bnia"},"content":{"rendered":"\n<p>Od wrze\u015bnia powracamy do zwyk\u0142ego porz\u0105dku niedzielnych Mszy \u015bwi\u0119tych. B\u0119d\u0105 one sprawowane o godz. 7:30; 9:30; 11:00; 12:30 i 18:00. W dni powszednie o godz. 7:00 i 18:00.<\/p>\n\n\n\n<figure class=\"wp-block-image\"><img decoding=\"async\" loading=\"lazy\" width=\"476\" height=\"883\" src=\"http:\/\/www.mbnp.archidiecezja.wroc.pl\/wp-content\/uploads\/2021\/08\/FB_IMG_16298121671673.jpg\" alt=\"\" class=\"wp-image-5460\" srcset=\"http:\/\/www.mbnp.archidiecezja.wroc.pl\/wp-content\/uploads\/2021\/08\/FB_IMG_16298121671673.jpg 476w, http:\/\/www.mbnp.archidiecezja.wroc.pl\/wp-content\/uploads\/2021\/08\/FB_IMG_16298121671673-162x300.jpg 162w\" sizes=\"(max-width: 476px) 100vw, 476px\" \/><\/figure>\n","protected":false},"excerpt":{"rendered":"<p>Od wrze\u015bnia powracamy do zwyk\u0142ego porz\u0105dku niedzielnych Mszy \u015bwi\u0119tych. B\u0119d\u0105 one sprawowane o godz. 7:30; 9:30; 11:00; 12:30 i 18:00. W dni powszednie o godz. 7:00 i 18:00.<\/p>\n","protected":false},"author":7,"featured_media":0,"comment_status":"closed","ping_status":"closed","sticky":false,"template":"","format":"standard","meta":[],"categories":[10],"tags":[],"_links":{"self":[{"href":"http:\/\/www.mbnp.archidiecezja.wroc.pl\/index.php?rest_route=\/wp\/v2\/posts\/5459"}],"collection":[{"href":"http:\/\/www.mbnp.archidiecezja.wroc.pl\/index.php?rest_route=\/wp\/v2\/posts"}],"about":[{"href":"http:\/\/www.mbnp.archidiecezja.wroc.pl\/index.php?rest_route=\/wp\/v2\/types\/post"}],"author":[{"embeddable":true,"href":"http:\/\/www.mbnp.archidiecezja.wroc.pl\/index.php?rest_route=\/wp\/v2\/users\/7"}],"replies":[{"embeddable":true,"href":"http:\/\/www.mbnp.archidiecezja.wroc.pl\/index.php?rest_route=%2Fwp%2Fv2%2Fcomments&post=5459"}],"version-history":[{"count":1,"href":"http:\/\/www.mbnp.archidiecezja.wroc.pl\/index.php?rest_route=\/wp\/v2\/posts\/5459\/revisions"}],"predecessor-version":[{"id":5461,"href":"http:\/\/www.mbnp.archidiecezja.wroc.pl\/index.php?rest_route=\/wp\/v2\/posts\/5459\/revisions\/5461"}],"wp:attachment":[{"href":"http:\/\/www.mbnp.archidiecezja.wroc.pl\/index.php?rest_route=%2Fwp%2Fv2%2Fmedia&parent=5459"}],"wp:term":[{"taxonomy":"category","embeddable":true,"href":"http:\/\/www.mbnp.archidiecezja.wroc.pl\/index.php?rest_route=%2Fwp%2Fv2%2Fcategories&post=5459"},{"taxonomy":"post_tag","embeddable":true,"href":"http:\/\/www.mbnp.archidiecezja.wroc.pl\/index.php?rest_route=%2Fwp%2Fv2%2Ftags&post=5459"}],"curies":[{"name":"wp","href":"https:\/\/api.w.org\/{rel}","templated":true}]}}