{"id":5440,"date":"2021-08-20T19:47:07","date_gmt":"2021-08-20T17:47:07","guid":{"rendered":"http:\/\/www.mbnp.archidiecezja.wroc.pl\/?p=5440"},"modified":"2022-01-02T09:01:53","modified_gmt":"2022-01-02T08:01:53","slug":"spis-powszechny-2021","status":"publish","type":"post","link":"http:\/\/www.mbnp.archidiecezja.wroc.pl\/?p=5440","title":{"rendered":"Spis Powszechny 2021"},"content":{"rendered":"<p><span lang=\"zxx\">Gminne Biuro Spisowe we Wroc\u0142awiu informuje o uruchomieniu mobilnego punktu spisowego na terenie naszej Parafii, kt\u00f3ry b\u0119dzie dzia\u0142a\u0107 w przysz\u0142\u0105 niedziel\u0119, <strong><span style=\"color: #ff0000;\">22 sierpnia br.<\/span><\/strong>, w godz. <strong><span style=\"color: #ff0000;\">7.45 \u2013 13.30.<\/span><\/strong> Zapraszamy wszystkie osoby, kt\u00f3re nie dokona\u0142y jeszcze spisu powszechnego.Udzia\u0142 w spisie jest obowi\u0105zkowy i mo\u017cna to zrobi\u0107 na kilka sposob\u00f3w. Spos\u00f3b bezpo\u015bredni, kt\u00f3ry b\u0119dzie umo\u017cliwiony w niedziel\u0119, 22 sierpnia, jest jedn\u0105 z opcji spe\u0142nienia tego obowi\u0105zku.<br \/><\/span><\/p>\n\n\n<figure class=\"wp-block-image\"><img decoding=\"async\" loading=\"lazy\" width=\"830\" height=\"450\" src=\"http:\/\/www.mbnp.archidiecezja.wroc.pl\/wp-content\/uploads\/2021\/08\/nsp2021-830.jpg\" alt=\"\" class=\"wp-image-5441\" srcset=\"http:\/\/www.mbnp.archidiecezja.wroc.pl\/wp-content\/uploads\/2021\/08\/nsp2021-830.jpg 830w, http:\/\/www.mbnp.archidiecezja.wroc.pl\/wp-content\/uploads\/2021\/08\/nsp2021-830-300x163.jpg 300w, http:\/\/www.mbnp.archidiecezja.wroc.pl\/wp-content\/uploads\/2021\/08\/nsp2021-830-768x416.jpg 768w\" sizes=\"(max-width: 830px) 100vw, 830px\" \/><\/figure>\n","protected":false},"excerpt":{"rendered":"<p>Gminne Biuro Spisowe we Wroc\u0142awiu informuje o uruchomieniu mobilnego punktu spisowego na terenie naszej Parafii, kt\u00f3ry b\u0119dzie dzia\u0142a\u0107 w przysz\u0142\u0105 niedziel\u0119, 22 sierpnia br., w godz. 7.45 \u2013 13.30. Zapraszamy &#8230;<\/p>\n","protected":false},"author":7,"featured_media":0,"comment_status":"closed","ping_status":"closed","sticky":false,"template":"","format":"standard","meta":[],"categories":[10],"tags":[],"_links":{"self":[{"href":"http:\/\/www.mbnp.archidiecezja.wroc.pl\/index.php?rest_route=\/wp\/v2\/posts\/5440"}],"collection":[{"href":"http:\/\/www.mbnp.archidiecezja.wroc.pl\/index.php?rest_route=\/wp\/v2\/posts"}],"about":[{"href":"http:\/\/www.mbnp.archidiecezja.wroc.pl\/index.php?rest_route=\/wp\/v2\/types\/post"}],"author":[{"embeddable":true,"href":"http:\/\/www.mbnp.archidiecezja.wroc.pl\/index.php?rest_route=\/wp\/v2\/users\/7"}],"replies":[{"embeddable":true,"href":"http:\/\/www.mbnp.archidiecezja.wroc.pl\/index.php?rest_route=%2Fwp%2Fv2%2Fcomments&post=5440"}],"version-history":[{"count":3,"href":"http:\/\/www.mbnp.archidiecezja.wroc.pl\/index.php?rest_route=\/wp\/v2\/posts\/5440\/revisions"}],"predecessor-version":[{"id":5444,"href":"http:\/\/www.mbnp.archidiecezja.wroc.pl\/index.php?rest_route=\/wp\/v2\/posts\/5440\/revisions\/5444"}],"wp:attachment":[{"href":"http:\/\/www.mbnp.archidiecezja.wroc.pl\/index.php?rest_route=%2Fwp%2Fv2%2Fmedia&parent=5440"}],"wp:term":[{"taxonomy":"category","embeddable":true,"href":"http:\/\/www.mbnp.archidiecezja.wroc.pl\/index.php?rest_route=%2Fwp%2Fv2%2Fcategories&post=5440"},{"taxonomy":"post_tag","embeddable":true,"href":"http:\/\/www.mbnp.archidiecezja.wroc.pl\/index.php?rest_route=%2Fwp%2Fv2%2Ftags&post=5440"}],"curies":[{"name":"wp","href":"https:\/\/api.w.org\/{rel}","templated":true}]}}