{"id":5408,"date":"2021-07-17T08:55:35","date_gmt":"2021-07-17T06:55:35","guid":{"rendered":"http:\/\/www.mbnp.archidiecezja.wroc.pl\/?p=5408"},"modified":"2022-01-02T09:05:48","modified_gmt":"2022-01-02T08:05:48","slug":"tydzien-sw-krzysztofa-18-25-lipca-2021r","status":"publish","type":"post","link":"http:\/\/www.mbnp.archidiecezja.wroc.pl\/?p=5408","title":{"rendered":"Tydzie\u0144 \u015bw. Krzysztofa, 18- 25 lipca 2021r."},"content":{"rendered":"\n<figure class=\"wp-block-image\"><img decoding=\"async\" loading=\"lazy\" width=\"990\" height=\"495\" src=\"http:\/\/www.mbnp.archidiecezja.wroc.pl\/wp-content\/uploads\/2021\/07\/5827.jpg\" alt=\"\" class=\"wp-image-5410\" srcset=\"http:\/\/www.mbnp.archidiecezja.wroc.pl\/wp-content\/uploads\/2021\/07\/5827.jpg 990w, http:\/\/www.mbnp.archidiecezja.wroc.pl\/wp-content\/uploads\/2021\/07\/5827-300x150.jpg 300w, http:\/\/www.mbnp.archidiecezja.wroc.pl\/wp-content\/uploads\/2021\/07\/5827-768x384.jpg 768w\" sizes=\"(max-width: 990px) 100vw, 990px\" \/><\/figure>\n\n\n\n<p><strong>Czcigodni Bracia w Kap\u0142a\u0144stwie! Osoby \u017cycia konsekrowanego!<\/strong><br><strong>Drodzy Bracia i Siostry w Chrystusie! Szanowni Kierowcy i U\u017cytkownicy dr\u00f3g!<\/strong><\/p>\n\n\n\n<p>Po raz dwudziesty drugi, w dniach 18 \u2013 25 lipca 2021 obchodzimy w Ko\u015bciele w Polsce Tydzie\u0144 \u015bw. Krzysztofa. Obchody te organizowane s\u0105 przez misyjne stowarzyszenie MIVA Polska, zajmuj\u0105ce si\u0119 pomoc\u0105 misjonarzom w zdobywaniu \u015brodk\u00f3w transportu. Odbywaj\u0105 si\u0119 one pod patronatem Komisji Episkopatu Polski ds. Misji i zwi\u0105zane s\u0105 ze wspomnieniem \u015bwi\u0119tego M\u0119czennika ze staro\u017cytno\u015bci chrze\u015bcija\u0144skiej, \u015bw. Krzysztofa, kt\u00f3ry jest czczony jako Patron Kierowc\u00f3w i Podr\u00f3\u017cuj\u0105cych. Jego popularny wizerunek umieszczamy cz\u0119sto w naszych pojazdach i wzywamy jego pomocy i opieki, szczeg\u00f3lnie gdy udajemy si\u0119 w drog\u0119. Jednak tre\u015b\u0107 tego Tygodnia nie ogranicza si\u0119 do spraw zwi\u0105zanych z bezpiecznym podr\u00f3\u017cowaniem i duszpastersk\u0105 trosk\u0105 o u\u017cytkownik\u00f3w drogi, ale mie\u015bci w swojej perspektywie spraw\u0119 misyjnej dzia\u0142alno\u015bci Ko\u015bcio\u0142a i jej potrzeb w zakresie \u015brodk\u00f3w transportu. Wyj\u015bcie naprzeciw tym potrzebom misjonarzy, a wi\u0119c poza obr\u0119b naszych lokalnych spraw i potrzeb, staje si\u0119 naszym \u201emisyjnym wyj\u015bciem\u201d, o kt\u00f3rym cz\u0119sto m\u00f3wi papie\u017c Franciszek i do kt\u00f3rego zaprasza wszystkich wierz\u0105cych.<\/p>\n\n\n\n<p>My\u015bl\u0105 przewodni\u0105 tegorocznych obchod\u00f3w s\u0105 s\u0142owa: W drog\u0119 do \u0179r\u00f3d\u0142a \u017bycia. Ta my\u015bl odnosi si\u0119 przede wszystkim do Eucharystycznego \u0179r\u00f3d\u0142a, do kt\u00f3rego sam Chrystus nas zaprasza, aby\u015bmy z Nim zasiedli przy stole Wieczerzy Pa\u0144skiej i spo\u017cywali chleb \u017bycia. Podczas pandemii dost\u0119p do tego \u017ar\u00f3d\u0142a zosta\u0142 mocno ograniczony praktycznie w wszystkich zak\u0105tkach \u015bwiata. Wierz\u0105cy w znacznym stopniu zostali odci\u0119ci od tego \u017cyciodajnego \u0179r\u00f3d\u0142a, kt\u00f3re jest zarazem centrum \u017cycia wsp\u00f3lnot chrze\u015bcija\u0144skich. W wielu zak\u0105tkach \u015bwiata, gdzie pracuj\u0105 polscy misjonarze i misjonarki, ta sytuacja trwa dalej i jest wyzwaniem dla misjonarzy i trudnym do\u015bwiadczeniem.<\/p>\n\n\n\n<p>Drodzy w Chrystusie!<\/p>\n\n\n\n<p>W Tygodniu \u015bw. Krzysztofa ogarniamy nasz\u0105 pami\u0119ci\u0105 i modlitw\u0105 naszych misjonarzy i misjonarki, kt\u00f3rych misjonarski trud mocno wi\u0105\u017ce si\u0119 z pokonywaniem odleg\u0142o\u015bci, aby dotrze\u0107 do konkretnego cz\u0142owieka, kt\u00f3ry czeka na swojego Mi\u0142osiernego Samarytanina, na jego wyci\u0105gni\u0119t\u0105 i ch\u0119tn\u0105 do pomocy d\u0142o\u0144, \u017cyczliwe s\u0142owo i dobr\u0105 rad\u0119, na S\u0142owo \u017cycia i dar \u0142aski p\u0142yn\u0105cy z Sakrament\u00f3w \u015awi\u0119tych, przywracaj\u0105cy duchowe si\u0142y.<\/p>\n\n\n\n<p>W swojej ostatniej encyklice Fratelli Tutti \u2013 O braterstwie i przyja\u017ani spo\u0142ecznej, papie\u017c Franciszek rozwa\u017caj\u0105c ewangeliczn\u0105 przypowie\u015b\u0107 o Mi\u0142osiernym Samarytaninie m\u00f3wi o poranionym cz\u0142owieku, kt\u00f3ry oczekuje na pomoc: Gdy wyruszamy w drog\u0119, nieuchronnie spotykamy cz\u0142owieka poranionego. Dzisiaj jest coraz wi\u0119cej os\u00f3b poranionych\u2026. Ka\u017cdego dnia stajemy przed wyborem: czy by\u0107 mi\u0142osiernymi Samarytanami, czy te\u017c oboj\u0119tnymi podr\u00f3\u017cnikami, mijaj\u0105cymi z daleka (\u2026) Istotnie opadaj\u0105 nasze r\u00f3\u017cnorodne maski, nasze etykiety i nasze przebrania: oto godzina prawdy. Czy pochylimy si\u0119, by dotkn\u0105\u0107 i opatrzy\u0107 rany innych? Czy pochylimy si\u0119, aby wzi\u0105\u0107 jedni drugich na ramiona? Jest to wyzwanie aktualne, kt\u00f3rego nie powinni\u015bmy si\u0119 l\u0119ka\u0107.(69,70)<\/p>\n\n\n\n<p>\u015arodki transportu w misjonarskim pos\u0142ugiwaniu odgrywaj\u0105 wa\u017cn\u0105 i niezast\u0105pion\u0105 rol\u0119. Nie tylko u\u0142atwiaj\u0105 i umo\u017cliwiaj\u0105 codzienn\u0105 prac\u0119, ale i pomna\u017caj\u0105 mo\u017cliwo\u015bci pomocy i cz\u0119stszej obecno\u015bci w wielu wsp\u00f3lnotach i stacjach misyjnych oddalonych od misyjnego centrum. W tym miejscu pragn\u0119 wyrazi\u0107 moj\u0105 wdzi\u0119czno\u015b\u0107 w imieniu Komisji Episkopatu Polski ds. Misji i wszystkich misjonarzy za wspieranie dzie\u0142a MIVA Polska i udzia\u0142 w znanej ju\u017c dobrze w Polsce Akcji \u015bw. Krzysztof 1 grosz za 1 kilometr, dzi\u0119ki kt\u00f3rej misjonarze otrzymuj\u0105 potrzebne \u015brodki transportu. Sk\u0142adam moje serdeczne wyrazy uznania i podzi\u0119kowanie za wielkoduszne wsparcie przekazane w trudnym czasie pandemii, za solidarne dzielenie si\u0119 z tymi, kt\u00f3rzy maj\u0105 si\u0119 gorzej od nas. Misje w czasie pandemii sta\u0142y si\u0119 ewangelicznymi gospodami, w kt\u00f3rych pomoc znale\u017ali i dalej znajduj\u0105 potrzebuj\u0105cy, a pojazdy umo\u017cliwiaj\u0105 misjonarzom bycie pos\u0142a\u0144cami i anio\u0142ami mi\u0142osierdzia. Dzi\u0119ki ofiarom zebranym podczas ubieg\u0142orocznej akcji \u015bw. Krzysztof MIVA Polska zrealizowa\u0142a 78 projekt\u00f3w na 137 r\u00f3\u017cnych pojazd\u00f3w w 26 krajach \u015bwiata. Z pomocy MIVA Polska skorzystali zar\u00f3wno misjonarze Fidei Donum (ksi\u0119\u017ca diecezjalni), ksi\u0119\u017ca i bracia zakonni, siostry zakonne, polscy biskupi misyjni oraz misjonarze \u015bwieccy. Zakupione zosta\u0142y 52 samochody, 2 ambulanse, 4 busy, 24 motocykle, 51 rower\u00f3w dla katechist\u00f3w, 2 traktory i 1 ko\u0144 z wozem. Pojazdy te s\u0142u\u017c\u0105 w wieloraki spos\u00f3b w realizacji powszechnej misji Ko\u015bcio\u0142a. Jest to pi\u0119kny wk\u0142ad Ko\u015bcio\u0142a w Polsce w ewangelizacj\u0119 \u015bwiata, w kt\u00f3rej centrum stoi \u015bwiadectwo Bo\u017cej mi\u0142o\u015bci g\u0142oszone i dawane przez misjonarzy, szczeg\u00f3lnie z my\u015bl\u0105 o najs\u0142abszych i najbardziej potrzebuj\u0105cych. \u0141\u0105czna suma przekazanej w 2020 roku pomocy od MIVA Polska na pojazdy misyjne roku wynios\u0142a: 3. 711.370 z\u0142. Niech B\u00f3g hojnie b\u0142ogos\u0142awi i obdarza potrzebnymi \u0142askami wszystkich Darczy\u0144c\u00f3w!<\/p>\n\n\n\n<p>Pragn\u0119 i w tym roku zwr\u00f3ci\u0107 si\u0119 z serdeczn\u0105 pro\u015bb\u0105 do wszystkich os\u00f3b duchownych i wiernych \u015bwieckich o udzia\u0142 w Akcji \u015bw. Krzysztof \u2013 1 grosz za 1 kilometr na rzecz misyjnych \u015brodk\u00f3w transportu. Niech ka\u017cda wsp\u00f3lnota parafialna oraz wsp\u00f3lnota zakonna w\u0142\u0105czy si\u0119 w t\u0119 akcj\u0119 i zorganizuje odpowiedni\u0105 zbi\u00f3rk\u0119 na ten szlachetny cel! Zach\u0119cam ka\u017cdego kierowc\u0119 i pasa\u017cera do w\u0142\u0105czenia si\u0119 w t\u0119 szlachetn\u0105 misyjn\u0105 akcj\u0119 pomocy. Podzi\u0119kujmy za Bo\u017c\u0105 pomoc i opiek\u0119 w naszych codziennych podr\u00f3\u017cach i wesprzyjmy swoim darem naszych misjonarzy i misjonarki, a z naszej wdzi\u0119czno\u015bci za szcz\u0119\u015bliwie przejechane kilometry zrodz\u0105 si\u0119 wielkie rzeczy, na miar\u0119, kt\u00f3r\u0105 sam B\u00f3g zamierzy\u0142. Swoim za\u015b darem i swoj\u0105 wdzi\u0119czno\u015bci\u0105 b\u0119dziemy obecni tam, gdzie nie mo\u017cemy by\u0107 fizycznie obecni. O aktualnych potrzebach misjonarzy informujemy w przes\u0142anych do parafii materia\u0142ach duszpasterskich na obchody Tygodnia \u015bw. Krzysztofa, jak i na stronie www.miva.pl W\u015br\u00f3d tegorocznych potrzeb, opr\u00f3cz pojazd\u00f3w do dyspozycji misjonarzy, znalaz\u0142y si\u0119 w\u00f3zki dla niepe\u0142nosprawnych na misjach, kt\u00f3re MIVA nazywa \u201ePromieniami Mi\u0142osierdzia\u201d. Potrzeby te obejmuj\u0105 zakup blisko 700 w\u00f3zk\u00f3w, do miejsc i kraj\u00f3w, gdzie pracuj\u0105 polscy misjonarze. Pomoc ta jest szczeg\u00f3lnym znakiem solidarno\u015bci z najs\u0142abszymi w tym trudnym czasie pandemii.<\/p>\n\n\n\n<p>Umi\u0142owani w Panu! Drodzy U\u017cytkownicy pojazd\u00f3w!<\/p>\n\n\n\n<p>Uczestnicz\u0105c w misyjnej Akcji \u015bw. Krzysztof i dzi\u0119kuj\u0105c za nasze bezpieczne podr\u00f3\u017ce, troszczmy si\u0119&nbsp;jednocze\u015bnie o bezpieczne, odpowiedzialne i roztropne poruszanie si\u0119 po drogach i tworzenie kultury bezpiecze\u0144stwa na drogach. Zadbajmy koniecznie o trze\u017awo\u015b\u0107 za kierownic\u0105 i nie zapominajmy o wzajemnej \u017cyczliwo\u015bci i szacunku wobec innych u\u017cytkownik\u00f3w drogi. Ka\u017cdy chrze\u015bcijanin powinien dawa\u0107 te\u017c dobre \u015bwiadectwo za kierownic\u0105 i podczas podr\u00f3\u017cy.<\/p>\n\n\n\n<p>Przyzywam wstawiennictwa \u015bw. Krzysztofa i \u015bw. J\u00f3zefa oraz opieki Naj\u015bwi\u0119tszej Maryi Panny nad wszystkimi, szczeg\u00f3lnie nad kierowcami i podr\u00f3\u017cuj\u0105cymi i udzielam wszystkim pasterskiego b\u0142ogos\u0142awie\u0144stwa: w imi\u0119 Ojca i Syna, i Ducha \u015awi\u0119tego.<\/p>\n\n\n\n<p><strong>+ Biskup Jerzy Mazur SVD<\/strong><br>Przewodnicz\u0105cy Komisji Episkopatu Polski ds. Misji<br>Biskup e\u0142cki<\/p>\n","protected":false},"excerpt":{"rendered":"<p>Czcigodni Bracia w Kap\u0142a\u0144stwie! Osoby \u017cycia konsekrowanego!Drodzy Bracia i Siostry w Chrystusie! Szanowni Kierowcy i U\u017cytkownicy dr\u00f3g! Po raz dwudziesty drugi, w dniach 18 \u2013 25 lipca 2021 obchodzimy w &#8230;<\/p>\n","protected":false},"author":7,"featured_media":0,"comment_status":"closed","ping_status":"closed","sticky":false,"template":"","format":"standard","meta":[],"categories":[10],"tags":[],"_links":{"self":[{"href":"http:\/\/www.mbnp.archidiecezja.wroc.pl\/index.php?rest_route=\/wp\/v2\/posts\/5408"}],"collection":[{"href":"http:\/\/www.mbnp.archidiecezja.wroc.pl\/index.php?rest_route=\/wp\/v2\/posts"}],"about":[{"href":"http:\/\/www.mbnp.archidiecezja.wroc.pl\/index.php?rest_route=\/wp\/v2\/types\/post"}],"author":[{"embeddable":true,"href":"http:\/\/www.mbnp.archidiecezja.wroc.pl\/index.php?rest_route=\/wp\/v2\/users\/7"}],"replies":[{"embeddable":true,"href":"http:\/\/www.mbnp.archidiecezja.wroc.pl\/index.php?rest_route=%2Fwp%2Fv2%2Fcomments&post=5408"}],"version-history":[{"count":2,"href":"http:\/\/www.mbnp.archidiecezja.wroc.pl\/index.php?rest_route=\/wp\/v2\/posts\/5408\/revisions"}],"predecessor-version":[{"id":5411,"href":"http:\/\/www.mbnp.archidiecezja.wroc.pl\/index.php?rest_route=\/wp\/v2\/posts\/5408\/revisions\/5411"}],"wp:attachment":[{"href":"http:\/\/www.mbnp.archidiecezja.wroc.pl\/index.php?rest_route=%2Fwp%2Fv2%2Fmedia&parent=5408"}],"wp:term":[{"taxonomy":"category","embeddable":true,"href":"http:\/\/www.mbnp.archidiecezja.wroc.pl\/index.php?rest_route=%2Fwp%2Fv2%2Fcategories&post=5408"},{"taxonomy":"post_tag","embeddable":true,"href":"http:\/\/www.mbnp.archidiecezja.wroc.pl\/index.php?rest_route=%2Fwp%2Fv2%2Ftags&post=5408"}],"curies":[{"name":"wp","href":"https:\/\/api.w.org\/{rel}","templated":true}]}}