{"id":536,"date":"2016-01-01T10:07:01","date_gmt":"2016-01-01T09:07:01","guid":{"rendered":"http:\/\/www.mbnp.archidiecezja.wroc.pl\/wordpress\/?p=536"},"modified":"2016-02-16T00:23:52","modified_gmt":"2016-02-15T23:23:52","slug":"koleda-2016","status":"publish","type":"post","link":"http:\/\/www.mbnp.archidiecezja.wroc.pl\/?p=536","title":{"rendered":"KOL\u0118DA 2016"},"content":{"rendered":"<table class=\"table table-bordered\" border=\"1\" cellspacing=\"0\" cellpadding=\"0\" align=\"center\">\n<tbody>\n<tr>\n<td valign=\"top\" width=\"307\">\n<p align=\"center\">DATA<\/p>\n<p align=\"center\">DZIE\u0143<\/p>\n<\/td>\n<td valign=\"top\" width=\"307\">\n<p align=\"center\">ZAKRES KOL\u0118DY<\/p>\n<\/td>\n<\/tr>\n<tr>\n<td valign=\"top\" width=\"307\">02.01.2016 &#8211; Sobota<\/td>\n<td valign=\"top\" width=\"307\">Grecka, Kanadyjska<\/td>\n<\/tr>\n<tr>\n<td valign=\"top\" width=\"307\">03.01.2016 &#8211; Niedziela<\/td>\n<td valign=\"top\" width=\"307\">Turecka, Szwedzka<\/td>\n<\/tr>\n<tr>\n<td valign=\"top\" width=\"307\">04.01.2016 &#8211; Poniedzia\u0142ek<\/td>\n<td valign=\"top\" width=\"307\">Francuska, Szwajcarska<\/p>\n<p>Kleci\u0144ska 87-134<\/td>\n<\/tr>\n<tr>\n<td valign=\"top\" width=\"307\">05.01.2016 &#8211; Wtorek<\/td>\n<td valign=\"top\" width=\"307\">Kleci\u0144ska 214-136; Bia\u0142oruska,<\/p>\n<p>Esto\u0144ska 31-1 niep.<\/td>\n<\/tr>\n<tr>\n<td valign=\"top\" width=\"307\">07.01.2016 &#8211; Czwartek<\/td>\n<td valign=\"top\" width=\"307\">Esto\u0144ska 36-2 parz.; Angielska, Szczyrki, Szkocka \u2013 domki, Traktatowa, Przemkowska, Strzegomska &#8211; domki<\/td>\n<\/tr>\n<tr>\n<td valign=\"top\" width=\"307\">08.01.2016 &#8211; Pi\u0105tek<\/td>\n<td valign=\"top\" width=\"307\">Stan\u00f3w Zjed., Belgijska<\/td>\n<\/tr>\n<tr>\n<td valign=\"top\" width=\"307\">09.01.2016 &#8211; Sobota<\/td>\n<td valign=\"top\" width=\"307\">Ukrai\u0144ska, Holenderska<\/td>\n<\/tr>\n<tr>\n<td valign=\"top\" width=\"307\">10.01.2016 &#8211; Niedziela<\/td>\n<td valign=\"top\" width=\"307\">Baskijska, Irlandzka,<\/p>\n<p>Hiszpa\u0144ska \u2013 domki;<\/p>\n<p>Hiszpa\u0144ska 1,3<\/td>\n<\/tr>\n<tr>\n<td valign=\"top\" width=\"307\">11.01.2016 &#8211; Poniedzia\u0142ek<\/td>\n<td valign=\"top\" width=\"307\">Norweska<\/td>\n<\/tr>\n<tr>\n<td valign=\"top\" width=\"307\">12.01.2016 &#8211; Wtorek<\/td>\n<td valign=\"top\" width=\"307\">Australijska<\/td>\n<\/tr>\n<tr>\n<td valign=\"top\" width=\"307\">13.01.2016 &#8211; \u015aroda<\/td>\n<td valign=\"top\" width=\"307\">Hiszpa\u0144ska 5-29<\/td>\n<\/tr>\n<tr>\n<td valign=\"top\" width=\"307\">14.01.2016 &#8211; Czwartek<\/td>\n<td valign=\"top\" width=\"307\">Hiszpa\u0144ska 27-43<\/p>\n<p>(od godz. 17.00)<\/td>\n<\/tr>\n<tr>\n<td valign=\"top\" width=\"307\">15.01.2016 &#8211; Pi\u0105tek<\/td>\n<td valign=\"top\" width=\"307\">Szkocka 46-60 parz.<\/td>\n<\/tr>\n<tr>\n<td valign=\"top\" width=\"307\">17.01.2016 &#8211; Niedziela<\/td>\n<td valign=\"top\" width=\"307\">Szkocka 59-65<\/td>\n<\/tr>\n<tr>\n<td valign=\"top\" width=\"307\">18.01.2016 &#8211; Poniedzia\u0142ek<\/td>\n<td valign=\"top\" width=\"307\">Szkocka 51-57; 67-75 niep. i 62.<\/td>\n<\/tr>\n<tr>\n<td valign=\"top\" width=\"307\">19.01.2016 &#8211; Wtorek<\/td>\n<td valign=\"top\" width=\"307\">Szkocka 77-87<\/td>\n<\/tr>\n<tr>\n<td valign=\"top\" width=\"307\">20.01.2016 &#8211; \u015aroda<\/td>\n<td valign=\"top\" width=\"307\">Szkocka\u00a0 89-99<\/td>\n<\/tr>\n<tr>\n<td valign=\"top\" width=\"307\">21.01.2016 &#8211; Czwartek<\/td>\n<td valign=\"top\" width=\"307\">Esto\u0144ska 40a,40,42<\/td>\n<\/tr>\n<tr>\n<td valign=\"top\" width=\"307\">22.01.2016 &#8211; Pi\u0105tek<\/td>\n<td valign=\"top\" width=\"307\">Strzegomska \u00a0196a,196, 198<\/td>\n<\/tr>\n<tr>\n<td valign=\"top\" width=\"307\">23.01.2016 &#8211; Sobota<\/td>\n<td valign=\"top\" width=\"307\">Strzegomska 230-252<\/td>\n<\/tr>\n<tr>\n<td valign=\"top\" width=\"307\">24.01.2016 &#8211; Niedziela<\/td>\n<td valign=\"top\" width=\"307\">Strzegomska 254-256; 260a-262<\/td>\n<\/tr>\n<tr>\n<td valign=\"top\" width=\"307\">25.01.2016 &#8211; Poniedzia\u0142ek<\/td>\n<td valign=\"top\" width=\"307\">Strzegomska 258-260; 264-272<\/td>\n<\/tr>\n<tr>\n<td valign=\"top\" width=\"307\">26.01.2016 &#8211; Wtorek<\/td>\n<td valign=\"top\" width=\"307\">Strzegomska 274-288<\/td>\n<\/tr>\n<tr>\n<td valign=\"top\" width=\"307\">27.01.2016 &#8211; \u015aroda<\/td>\n<td valign=\"top\" width=\"307\">Strzegomska 290-310<\/td>\n<\/tr>\n<tr>\n<td valign=\"top\" width=\"307\">28.01.2016 &#8211; Czwartek<\/td>\n<td valign=\"top\" width=\"307\">Strzegomska 312-320; 202<\/td>\n<\/tr>\n<tr>\n<td valign=\"top\" width=\"307\">29.01.2016 &#8211; Pi\u0105tek<\/td>\n<td valign=\"top\" width=\"307\">Kol\u0119da dodatkowa<\/td>\n<\/tr>\n<\/tbody>\n<\/table>\n<p style=\"text-align: center;\"><strong><span style=\"color: #ff0000;\">Plan kol\u0119dy jest ramowy i mo\u017ce ulec zmianie.<\/span><\/strong><\/p>\n<p style=\"text-align: center;\"><a href=\"http:\/\/www.mbnp.archidiecezja.wroc.pl\/wp-content\/uploads\/2016\/01\/koleda_2016.jpg\" rel=\"lightbox[536]\"><img decoding=\"async\" loading=\"lazy\" class=\"alignnone wp-image-639 size-full\" src=\"http:\/\/www.mbnp.archidiecezja.wroc.pl\/wp-content\/uploads\/2016\/01\/koleda_2016.jpg\" alt=\"koleda_2016\" width=\"640\" height=\"426\" srcset=\"http:\/\/www.mbnp.archidiecezja.wroc.pl\/wp-content\/uploads\/2016\/01\/koleda_2016.jpg 640w, http:\/\/www.mbnp.archidiecezja.wroc.pl\/wp-content\/uploads\/2016\/01\/koleda_2016-300x200.jpg 300w\" sizes=\"(max-width: 640px) 100vw, 640px\" \/><\/a><\/p>\n","protected":false},"excerpt":{"rendered":"<p>DATA DZIE\u0143 ZAKRES KOL\u0118DY 02.01.2016 &#8211; Sobota Grecka, Kanadyjska 03.01.2016 &#8211; Niedziela Turecka, Szwedzka 04.01.2016 &#8211; Poniedzia\u0142ek Francuska, Szwajcarska Kleci\u0144ska 87-134 05.01.2016 &#8211; Wtorek Kleci\u0144ska 214-136; Bia\u0142oruska, Esto\u0144ska 31-1 niep. &#8230;<\/p>\n","protected":false},"author":7,"featured_media":0,"comment_status":"closed","ping_status":"open","sticky":false,"template":"","format":"standard","meta":[],"categories":[10],"tags":[],"_links":{"self":[{"href":"http:\/\/www.mbnp.archidiecezja.wroc.pl\/index.php?rest_route=\/wp\/v2\/posts\/536"}],"collection":[{"href":"http:\/\/www.mbnp.archidiecezja.wroc.pl\/index.php?rest_route=\/wp\/v2\/posts"}],"about":[{"href":"http:\/\/www.mbnp.archidiecezja.wroc.pl\/index.php?rest_route=\/wp\/v2\/types\/post"}],"author":[{"embeddable":true,"href":"http:\/\/www.mbnp.archidiecezja.wroc.pl\/index.php?rest_route=\/wp\/v2\/users\/7"}],"replies":[{"embeddable":true,"href":"http:\/\/www.mbnp.archidiecezja.wroc.pl\/index.php?rest_route=%2Fwp%2Fv2%2Fcomments&post=536"}],"version-history":[{"count":6,"href":"http:\/\/www.mbnp.archidiecezja.wroc.pl\/index.php?rest_route=\/wp\/v2\/posts\/536\/revisions"}],"predecessor-version":[{"id":1047,"href":"http:\/\/www.mbnp.archidiecezja.wroc.pl\/index.php?rest_route=\/wp\/v2\/posts\/536\/revisions\/1047"}],"wp:attachment":[{"href":"http:\/\/www.mbnp.archidiecezja.wroc.pl\/index.php?rest_route=%2Fwp%2Fv2%2Fmedia&parent=536"}],"wp:term":[{"taxonomy":"category","embeddable":true,"href":"http:\/\/www.mbnp.archidiecezja.wroc.pl\/index.php?rest_route=%2Fwp%2Fv2%2Fcategories&post=536"},{"taxonomy":"post_tag","embeddable":true,"href":"http:\/\/www.mbnp.archidiecezja.wroc.pl\/index.php?rest_route=%2Fwp%2Fv2%2Ftags&post=536"}],"curies":[{"name":"wp","href":"https:\/\/api.w.org\/{rel}","templated":true}]}}