{"id":533,"date":"2015-12-20T10:04:44","date_gmt":"2015-12-20T09:04:44","guid":{"rendered":"http:\/\/www.mbnp.archidiecezja.wroc.pl\/wordpress\/?p=533"},"modified":"2016-02-25T23:32:08","modified_gmt":"2016-02-25T22:32:08","slug":"wprowadzenie-relikwii-sw-dominika-savio-patrona-ministrantow","status":"publish","type":"post","link":"http:\/\/www.mbnp.archidiecezja.wroc.pl\/?p=533","title":{"rendered":"Wprowadzenie relikwii \u015bw. Dominika Savio &#8211; patrona ministrant\u00f3w"},"content":{"rendered":"<p style=\"text-align: center;\"><b>Na koniec rekolekcji adwentowych powitali\u015bmy w naszej parafii<\/b><\/p>\n<p style=\"text-align: center;\"><b>relikwie \u015bw. Dominika Savio &#8211; patrona LSO oraz matek oczekuj\u0105cych potomstwa.<\/b><\/p>\n<p style=\"text-align: center;\"><b>Mszy \u015bw. przewodniczy\u0142 ks. Proboszcz Zbigniew Orda,<\/b><\/p>\n<p style=\"text-align: center;\"><b>a posta\u0107 \u015bwi\u0119tego w homilii przybli\u017cy\u0142 ks. Jerzy Babiak.<\/b><\/p>\n<h3 style=\"text-align: center;\"><a href=\"http:\/\/www.mbnp.archidiecezja.wroc.pl\/?page_id=176&amp;album=2015LSOWprowadzenieRelikwiiSwDominikaSavio1912201502\">GALERIA<\/a><\/h3>\n<p style=\"text-align: center;\"><a href=\"http:\/\/www.mbnp.archidiecezja.wroc.pl\/wp-content\/uploads\/2016\/01\/sav6.jpg\" rel=\"lightbox[533]\"><img decoding=\"async\" loading=\"lazy\" class=\"alignnone wp-image-534 size-large\" src=\"http:\/\/www.mbnp.archidiecezja.wroc.pl\/wp-content\/uploads\/2016\/01\/sav6-1024x768.jpg\" alt=\"OLYMPUS DIGITAL CAMERA\" width=\"648\" height=\"486\" srcset=\"http:\/\/www.mbnp.archidiecezja.wroc.pl\/wp-content\/uploads\/2016\/01\/sav6.jpg 1024w, http:\/\/www.mbnp.archidiecezja.wroc.pl\/wp-content\/uploads\/2016\/01\/sav6-300x225.jpg 300w\" sizes=\"(max-width: 648px) 100vw, 648px\" \/><\/a><\/p>\n<p style=\"text-align: center;\"><strong><a href=\"http:\/\/www.radiorodzina.pl\/wiadomosci\/13606\/\">O NAS &#8211; na portalu Radio Rodzina<\/a><\/strong><\/p>\n","protected":false},"excerpt":{"rendered":"<p>Na koniec rekolekcji adwentowych powitali\u015bmy w naszej parafii relikwie \u015bw. Dominika Savio &#8211; patrona LSO oraz matek oczekuj\u0105cych potomstwa. Mszy \u015bw. przewodniczy\u0142 ks. Proboszcz Zbigniew Orda, a posta\u0107 \u015bwi\u0119tego w &#8230;<\/p>\n","protected":false},"author":7,"featured_media":0,"comment_status":"closed","ping_status":"open","sticky":false,"template":"","format":"standard","meta":[],"categories":[10],"tags":[],"_links":{"self":[{"href":"http:\/\/www.mbnp.archidiecezja.wroc.pl\/index.php?rest_route=\/wp\/v2\/posts\/533"}],"collection":[{"href":"http:\/\/www.mbnp.archidiecezja.wroc.pl\/index.php?rest_route=\/wp\/v2\/posts"}],"about":[{"href":"http:\/\/www.mbnp.archidiecezja.wroc.pl\/index.php?rest_route=\/wp\/v2\/types\/post"}],"author":[{"embeddable":true,"href":"http:\/\/www.mbnp.archidiecezja.wroc.pl\/index.php?rest_route=\/wp\/v2\/users\/7"}],"replies":[{"embeddable":true,"href":"http:\/\/www.mbnp.archidiecezja.wroc.pl\/index.php?rest_route=%2Fwp%2Fv2%2Fcomments&post=533"}],"version-history":[{"count":8,"href":"http:\/\/www.mbnp.archidiecezja.wroc.pl\/index.php?rest_route=\/wp\/v2\/posts\/533\/revisions"}],"predecessor-version":[{"id":1223,"href":"http:\/\/www.mbnp.archidiecezja.wroc.pl\/index.php?rest_route=\/wp\/v2\/posts\/533\/revisions\/1223"}],"wp:attachment":[{"href":"http:\/\/www.mbnp.archidiecezja.wroc.pl\/index.php?rest_route=%2Fwp%2Fv2%2Fmedia&parent=533"}],"wp:term":[{"taxonomy":"category","embeddable":true,"href":"http:\/\/www.mbnp.archidiecezja.wroc.pl\/index.php?rest_route=%2Fwp%2Fv2%2Fcategories&post=533"},{"taxonomy":"post_tag","embeddable":true,"href":"http:\/\/www.mbnp.archidiecezja.wroc.pl\/index.php?rest_route=%2Fwp%2Fv2%2Ftags&post=533"}],"curies":[{"name":"wp","href":"https:\/\/api.w.org\/{rel}","templated":true}]}}