{"id":5323,"date":"2021-05-27T21:16:06","date_gmt":"2021-05-27T19:16:06","guid":{"rendered":"http:\/\/www.mbnp.archidiecezja.wroc.pl\/?p=5323"},"modified":"2021-08-24T17:16:21","modified_gmt":"2021-08-24T15:16:21","slug":"30-maja-niedziela-trojcy-przenajswietszej","status":"publish","type":"post","link":"http:\/\/www.mbnp.archidiecezja.wroc.pl\/?p=5323","title":{"rendered":"30 maja- Niedziela Tr\u00f3jcy Przenaj\u015bwi\u0119tszej"},"content":{"rendered":"\n<p>Elementem istotnym i wsp\u00f3lnym dla wszystkich religii \u015bwiata jest wiara w Pana Boga. R\u00f3\u017cnice zaczynaj\u0105 si\u0119 dopiero od r\u00f3\u017cnego pojmowania natury Pana Boga. Chrze\u015bcijanie tym si\u0119 wyr\u00f3\u017cniaj\u0105 od innych wyzna\u0144, \u017ce wyznaj\u0105 jednego Boga, ale w trzech Osobach.<\/p>\n\n\n\n<figure class=\"wp-block-image\"><img decoding=\"async\" loading=\"lazy\" width=\"439\" height=\"575\" src=\"http:\/\/www.mbnp.archidiecezja.wroc.pl\/wp-content\/uploads\/2021\/05\/20210527_210948.jpg\" alt=\"\" class=\"wp-image-5327\" srcset=\"http:\/\/www.mbnp.archidiecezja.wroc.pl\/wp-content\/uploads\/2021\/05\/20210527_210948.jpg 439w, http:\/\/www.mbnp.archidiecezja.wroc.pl\/wp-content\/uploads\/2021\/05\/20210527_210948-229x300.jpg 229w\" sizes=\"(max-width: 439px) 100vw, 439px\" \/><\/figure>\n\n\n\n<p>Jest to cech\u0105 zasadnicz\u0105 i charakterystyczn\u0105 wszystkich wyznawc\u00f3w Chrystusa. \u017badna inna religia na \u015bwiecie tej tajemnicy w swoim \u201ecredo\u201d nie posiada. Sk\u0105d jednak wiemy, \u017ce Pan B\u00f3g jest jeden, ale w trzech Osobach? Samym rozumem ludzkim do tego by\u015bmy nie doszli. T\u0119 tajemnic\u0119 wiary objawi\u0142 nam Jezus Chrystus. Mo\u017cna by przytoczy\u0107 wiele miejsc, gdzie Pan Jezus m\u00f3wi o swoim Ojcu niebieskim jako odr\u0119bnej Osobie i Bogu. Mo\u017cna przytoczy\u0107 kilkadziesi\u0105t miejsc w Ewangeliach, gdzie jest mowa o Duchu \u015awi\u0119tym, jako r\u00f3wnym Ojcu i Synowi i jako o odr\u0119bnej od nich Osobie.<br>Na potwierdzenie tej prawdy przywo\u0142amy przyk\u0142adowo tylko niekt\u00f3re miejsca. I tak kiedy archanio\u0142 zwiastuje Maryi, \u017ce zostanie Matk\u0105, jest powiedziane wyra\u017anie, \u017ce B\u00f3g go wys\u0142a\u0142, aby Jej zwiastowa\u0107, i\u017c porodzi Syna Bo\u017cego i stanie si\u0119 to za spraw\u0105 Ducha \u015awi\u0119tego. Jest to wi\u0119c pierwsze objawienie tajemnicy Tr\u00f3jcy Przenaj\u015bwi\u0119tszej. A oto tekst: \u201eW sz\u00f3stym miesi\u0105cu pos\u0142a\u0142 B\u00f3g anio\u0142a Gabriela do miasta w Galilei, zwanego Nazaret, do Dziewicy po\u015blubionej m\u0119\u017cowi. (&#8230;) A Dziewicy by\u0142o na imi\u0119 Maryja. (&#8230;) Lecz anio\u0142 rzek\u0142 do Niej: \u00bbNie b\u00f3j si\u0119, Maryjo, znalaz\u0142a\u015b bowiem \u0142ask\u0119 u Boga. Oto poczniesz i porodzisz Syna, kt\u00f3remu nadasz imi\u0119 Jezus. (&#8230;) i b\u0119dzie nazwany Synem Najwy\u017cszego\u00ab. (&#8230;) Na to Maryja rzek\u0142a do anio\u0142a: \u00bbJak\u017ce si\u0119 to stanie, skoro nie znam m\u0119\u017ca?\u00ab Anio\u0142 Jej odpowiedzia\u0142: \u00bbDuch \u015awi\u0119ty zst\u0105pi na Ciebie i Moc Najwy\u017cszego os\u0142oni Ci\u0119\u00ab\u201d (\u0141k 1,30-35). Przy chrzcie Pana Jezusa objawia si\u0119 ca\u0142a Tr\u00f3jca \u015awi\u0119ta: Syn Bo\u017cy stoi na brzegu, B\u00f3g Ojciec daje Mu \u015bwiadectwo g\u0142osem a Duch \u015awi\u0119ty jawi si\u0119 nad Jezusem w postaci go\u0142\u0119bicy: \u201eA gdy si\u0119 modli\u0142 (Jezus) otworzy\u0142o si\u0119 niebo i Duch \u015awi\u0119ty zst\u0105pi\u0142 na Niego w postaci cielesnej niby go\u0142\u0119bica, a z nieba odezwa\u0142 si\u0119 g\u0142os: \u00bbTy\u015b jest m\u00f3j Syn umi\u0142owany, w Tobie mam upodobanie\u00ab\u201d (\u0141k 3,22-23).<br><br>Zanim Pan Jezus wst\u0105pi\u0142 do nieba, powie Aposto\u0142om te znamienne s\u0142owa: \u201eId\u017acie wi\u0119c i nauczajcie wszystkie narody, udzielaj\u0105c im chrztu w imi\u0119 Ojca i Syna i Ducha \u015awi\u0119tego\u201d (Mt 28,19).<br><br>Podobnych tekst\u00f3w mo\u017cna by przytoczy\u0107 wi\u0119cej. Kiedy np. Chrystus Pan zapowiada zes\u0142anie Ducha \u015awi\u0119tego na Aposto\u0142\u00f3w, m\u00f3wi: \u201eJa za\u015b b\u0119d\u0119 prosi\u0142 Ojca, a innego Pocieszyciela da wam\u201d (J 14,16). \u201eA Pocieszyciel, Duch \u015awi\u0119ty, kt\u00f3rego Ojciec po\u015ble w moim imieniu, On was wszystkiego nauczy\u201d (J 14,26). \u201eGdy jednak przyjdzie Pocieszyciel, kt\u00f3rego Ja wam po\u015bl\u0119 od Ojca, Duch Prawdy, kt\u00f3ry od Ojca pochodzi, On b\u0119dzie \u015bwiadczy\u0142 o Mnie\u201d (J 15,26).<br><br>Czy jednak Aposto\u0142owie rzeczywi\u015bcie tak pojmowali i interpretowali powy\u017csze i wiele innych zda\u0144 Chrystusa, jak to my rozumiemy dzisiaj? Oni r\u00f3wnie\u017c na bardzo wielu miejscach odr\u00f3\u017cniaj\u0105 jako odr\u0119bne osoby: Ojca, Syna i Ducha \u015awi\u0119tego, chocia\u017c przypisuj\u0105 im jedn\u0105 wsp\u00f3ln\u0105 natur\u0119 i wsp\u00f3lne doskona\u0142o\u015bci.<br><br>Przyk\u0142adowo wybierzemy z wielu r\u00f3wnie\u017c tylko kilka przyk\u0142ad\u00f3w: \u201ePiotr, Aposto\u0142 Jezusa Chrystusa do wybranych. (&#8230;) Wed\u0142ug tego, co przewidzia\u0142 B\u00f3g Ojciec, aby w Duchu zostali u\u015bwi\u0119ceni\u201d (1 P 1,1). \u201eTym za\u015b, kt\u00f3ry umacnia nas wesp\u00f3\u0142 z wami w Jezusie Chrystusie i kt\u00f3ry nas nama\u015bci\u0142, jest B\u00f3g. On te\u017c wycisn\u0105\u0142 na nas piecz\u0119\u0107 i zostawi\u0142 zadatek Ducha w sercach naszych\u201d (2 Kor 1,21). \u201e\u0141aska Pana Jezusa Chrystusa, mi\u0142o\u015b\u0107 Boga i dar jedno\u015bci w Duchu \u015awi\u0119tym niech b\u0119d\u0105 z wami wszystkimi\u201d (2 Kor 15,13). \u201eDlatego zginam kolana przed Ojcem Pana naszego Jezusa Chrystusa, od kt\u00f3rego bierze nazw\u0119 wszelki r\u00f3d na niebie i na ziemi, aby wed\u0142ug bogactwa swej chwa\u0142y sprawia\u0142 w was przez Ducha samego wzmocnienie si\u0142 wewn\u0119trznego cz\u0142owieka\u201d (Ef 3,14-16)<\/p>\n\n\n\n<p><\/p>\n","protected":false},"excerpt":{"rendered":"<p>Elementem istotnym i wsp\u00f3lnym dla wszystkich religii \u015bwiata jest wiara w Pana Boga. R\u00f3\u017cnice zaczynaj\u0105 si\u0119 dopiero od r\u00f3\u017cnego pojmowania natury Pana Boga. Chrze\u015bcijanie tym si\u0119 wyr\u00f3\u017cniaj\u0105 od innych wyzna\u0144, &#8230;<\/p>\n","protected":false},"author":7,"featured_media":0,"comment_status":"closed","ping_status":"closed","sticky":false,"template":"","format":"standard","meta":[],"categories":[10],"tags":[],"_links":{"self":[{"href":"http:\/\/www.mbnp.archidiecezja.wroc.pl\/index.php?rest_route=\/wp\/v2\/posts\/5323"}],"collection":[{"href":"http:\/\/www.mbnp.archidiecezja.wroc.pl\/index.php?rest_route=\/wp\/v2\/posts"}],"about":[{"href":"http:\/\/www.mbnp.archidiecezja.wroc.pl\/index.php?rest_route=\/wp\/v2\/types\/post"}],"author":[{"embeddable":true,"href":"http:\/\/www.mbnp.archidiecezja.wroc.pl\/index.php?rest_route=\/wp\/v2\/users\/7"}],"replies":[{"embeddable":true,"href":"http:\/\/www.mbnp.archidiecezja.wroc.pl\/index.php?rest_route=%2Fwp%2Fv2%2Fcomments&post=5323"}],"version-history":[{"count":4,"href":"http:\/\/www.mbnp.archidiecezja.wroc.pl\/index.php?rest_route=\/wp\/v2\/posts\/5323\/revisions"}],"predecessor-version":[{"id":5328,"href":"http:\/\/www.mbnp.archidiecezja.wroc.pl\/index.php?rest_route=\/wp\/v2\/posts\/5323\/revisions\/5328"}],"wp:attachment":[{"href":"http:\/\/www.mbnp.archidiecezja.wroc.pl\/index.php?rest_route=%2Fwp%2Fv2%2Fmedia&parent=5323"}],"wp:term":[{"taxonomy":"category","embeddable":true,"href":"http:\/\/www.mbnp.archidiecezja.wroc.pl\/index.php?rest_route=%2Fwp%2Fv2%2Fcategories&post=5323"},{"taxonomy":"post_tag","embeddable":true,"href":"http:\/\/www.mbnp.archidiecezja.wroc.pl\/index.php?rest_route=%2Fwp%2Fv2%2Ftags&post=5323"}],"curies":[{"name":"wp","href":"https:\/\/api.w.org\/{rel}","templated":true}]}}