{"id":5315,"date":"2021-05-22T13:53:42","date_gmt":"2021-05-22T11:53:42","guid":{"rendered":"http:\/\/www.mbnp.archidiecezja.wroc.pl\/?p=5315"},"modified":"2022-01-02T09:07:05","modified_gmt":"2022-01-02T08:07:05","slug":"uroczystosc-zeslania-ducha-swietego","status":"publish","type":"post","link":"http:\/\/www.mbnp.archidiecezja.wroc.pl\/?p=5315","title":{"rendered":"Uroczysto\u015b\u0107 Zes\u0142ania Ducha \u015awi\u0119tego"},"content":{"rendered":"\n<figure class=\"wp-block-image\"><img\/><\/figure>\n\n\n\n\n<table border=\"0\" width=\"490\" cellspacing=\"0\" align=\"center\">\n<tbody>\n<tr>\n<td width=\"490\">\n<div align=\"center\">\u00a0<\/div>\n<br \/>\n<div align=\"center\"><img decoding=\"async\" class=\"aligncenter\" title=\"Zes\u0142anie Ducha \u015awi\u0119tego\" src=\"https:\/\/brewiarz.pl\/czytelnia\/images\/zeslanie_1.jpg\" alt=\"Zes\u0142anie Ducha \u015awi\u0119tego\" width=\"450\" border=\"0\" hspace=\"10\" vspace=\"5\" \/><\/div>\n<br \/>\n<div class=\"ww\">Pi\u0119\u0107dziesi\u0105tego dnia po swoim zmartwychwstaniu Pan Jezus zes\u0142a\u0142 Ducha \u015awi\u0119tego na Maryj\u0119 i Aposto\u0142\u00f3w zgromadzonych w Wieczerniku, wype\u0142niaj\u0105c tym samym swoj\u0105 obietnic\u0119: &#8222;Gdy przyjdzie Duch Pocieszyciel, kt\u00f3rego Ja wam po\u015bl\u0119 od Ojca, Duch Prawdy, kt\u00f3ry od Ojca pochodzi, On b\u0119dzie \u015bwiadczy\u0142 o Mnie&#8221; (J 15, 26). W dniu Pi\u0119\u0107dziesi\u0105tnicy Ko\u015bci\u00f3\u0142, o\u017cywiony Duchem \u015awi\u0119tym, rozpoczyna przepowiadanie radosnej nowiny o zbawieniu wszystkim narodom.<br \/>Zielone \u015awi\u0105tki, bo tak brzmi popularna nazwa dzisiejszej uroczysto\u015bci, to jedno z najstarszych \u015bwi\u0105t Ko\u015bcio\u0142a, obchodzone ju\u017c w czasach apostolskich. Dzie\u0144 ten posiada\u0142 wtedy praktycznie t\u0119 sam\u0105 rang\u0119, co uroczysto\u015b\u0107 Paschy. W pierwszych wiekach w wigili\u0119 tego \u015bwi\u0119ta udzielano chrztu katechumenom. W \u015bredniowieczu istnia\u0142 zwyczaj rzucania z sufitu ko\u015bcio\u0142a, w trakcie odprawiania Mszy \u015bwi\u0119tej, r\u00f3\u017c i innych kwiat\u00f3w symbolizuj\u0105cych dary Ducha \u015awi\u0119tego. W bazylikach i katedrach w czasie uroczysto\u015bci wypuszczano z klatek go\u0142\u0119bie: symbol Ducha \u015awi\u0119tego.<br \/><br \/><img decoding=\"async\" title=\"Zes\u0142anie Ducha \u015awi\u0119tego\" src=\"https:\/\/brewiarz.pl\/czytelnia\/images\/zeslanie_2.jpg\" alt=\"Zes\u0142anie Ducha \u015awi\u0119tego\" width=\"200\" align=\"right\" border=\"0\" hspace=\"10\" vspace=\"5\" \/> Ko\u015bci\u00f3\u0142 przypomina, \u017ce Pi\u0119\u0107dziesi\u0105tnica jest wype\u0142nieniem i zako\u0144czeniem \u015awi\u0105t Paschalnych. Duch \u015awi\u0119ty &#8211; Nowe \u017bycie w Chrystusie &#8211; by\u0142 celem ca\u0142ej dzia\u0142alno\u015bci Chrystusa. Zgodnie z obietnic\u0105, po wywy\u017cszeniu Chrystusa na drzewie krzy\u017ca, gdy dost\u0119p do Ojca zosta\u0142 otwarty, a dzieci\u0119ctwo Bo\u017ce sta\u0142o si\u0119 rzeczywisto\u015bci\u0105, pos\u0142any zostaje Duch Ojca i Syna, by prowadzi\u0142 dalej dzie\u0142o Jezusa.<br \/><br \/>Dzisiaj za pobo\u017cne, publiczne odm\u00f3wienie ca\u0142ego hymnu: &#8222;O Stworzycielu Duchu, przyjd\u017a&#8230;&#8221; mo\u017cna dost\u0105pi\u0107 <b>odpustu zupe\u0142nego,<\/b> pod zwyk\u0142ymi warunkami.<\/div>\n<\/td>\n<\/tr>\n<\/tbody>\n<\/table>\n<p>\u00a0<\/p>","protected":false},"excerpt":{"rendered":"<p>\u00a0 Pi\u0119\u0107dziesi\u0105tego dnia po swoim zmartwychwstaniu Pan Jezus zes\u0142a\u0142 Ducha \u015awi\u0119tego na Maryj\u0119 i Aposto\u0142\u00f3w zgromadzonych w Wieczerniku, wype\u0142niaj\u0105c tym samym swoj\u0105 obietnic\u0119: &#8222;Gdy przyjdzie Duch Pocieszyciel, kt\u00f3rego Ja wam &#8230;<\/p>\n","protected":false},"author":7,"featured_media":0,"comment_status":"closed","ping_status":"closed","sticky":false,"template":"","format":"standard","meta":[],"categories":[10],"tags":[],"_links":{"self":[{"href":"http:\/\/www.mbnp.archidiecezja.wroc.pl\/index.php?rest_route=\/wp\/v2\/posts\/5315"}],"collection":[{"href":"http:\/\/www.mbnp.archidiecezja.wroc.pl\/index.php?rest_route=\/wp\/v2\/posts"}],"about":[{"href":"http:\/\/www.mbnp.archidiecezja.wroc.pl\/index.php?rest_route=\/wp\/v2\/types\/post"}],"author":[{"embeddable":true,"href":"http:\/\/www.mbnp.archidiecezja.wroc.pl\/index.php?rest_route=\/wp\/v2\/users\/7"}],"replies":[{"embeddable":true,"href":"http:\/\/www.mbnp.archidiecezja.wroc.pl\/index.php?rest_route=%2Fwp%2Fv2%2Fcomments&post=5315"}],"version-history":[{"count":5,"href":"http:\/\/www.mbnp.archidiecezja.wroc.pl\/index.php?rest_route=\/wp\/v2\/posts\/5315\/revisions"}],"predecessor-version":[{"id":5321,"href":"http:\/\/www.mbnp.archidiecezja.wroc.pl\/index.php?rest_route=\/wp\/v2\/posts\/5315\/revisions\/5321"}],"wp:attachment":[{"href":"http:\/\/www.mbnp.archidiecezja.wroc.pl\/index.php?rest_route=%2Fwp%2Fv2%2Fmedia&parent=5315"}],"wp:term":[{"taxonomy":"category","embeddable":true,"href":"http:\/\/www.mbnp.archidiecezja.wroc.pl\/index.php?rest_route=%2Fwp%2Fv2%2Fcategories&post=5315"},{"taxonomy":"post_tag","embeddable":true,"href":"http:\/\/www.mbnp.archidiecezja.wroc.pl\/index.php?rest_route=%2Fwp%2Fv2%2Ftags&post=5315"}],"curies":[{"name":"wp","href":"https:\/\/api.w.org\/{rel}","templated":true}]}}