{"id":5286,"date":"2021-05-01T16:35:23","date_gmt":"2021-05-01T14:35:23","guid":{"rendered":"http:\/\/www.mbnp.archidiecezja.wroc.pl\/?p=5286"},"modified":"2022-01-02T09:07:15","modified_gmt":"2022-01-02T08:07:15","slug":"nowe-wezwania-litanii-loretanskiej","status":"publish","type":"post","link":"http:\/\/www.mbnp.archidiecezja.wroc.pl\/?p=5286","title":{"rendered":"Nowe wezwania litanii loreta\u0144skiej"},"content":{"rendered":"\n<figure class=\"wp-block-image\"><img decoding=\"async\" loading=\"lazy\" width=\"840\" height=\"440\" src=\"http:\/\/www.mbnp.archidiecezja.wroc.pl\/wp-content\/uploads\/2021\/04\/litania-loretanska.jpg\" alt=\"\" class=\"wp-image-5289\" srcset=\"http:\/\/www.mbnp.archidiecezja.wroc.pl\/wp-content\/uploads\/2021\/04\/litania-loretanska.jpg 840w, http:\/\/www.mbnp.archidiecezja.wroc.pl\/wp-content\/uploads\/2021\/04\/litania-loretanska-300x157.jpg 300w, http:\/\/www.mbnp.archidiecezja.wroc.pl\/wp-content\/uploads\/2021\/04\/litania-loretanska-768x402.jpg 768w\" sizes=\"(max-width: 840px) 100vw, 840px\" \/><\/figure>\n\n\n\n<p>Konferencja Episkopatu Polski zatwierdzi\u0142a 28 sierpnia polskie  t\u0142umaczenie trzech nowych wezwa\u0144 litanii loreta\u0144skiej: &#8222;Matko  mi\u0142osierdzia&#8221;, &#8222;Matko nadziei&#8221;, &#8222;Pociecho migrant\u00f3w&#8221; . Nowe wezwania litanii loreta\u0144skiej, wprowadzone w  j\u0119zyku \u0142aci\u0144skim przez Stolic\u0119 Apostolsk\u0105 20 czerwca 2020 r., b\u0119d\u0105 odt\u0105d  brzmia\u0142y w j\u0119zyku polskim &#8222;Matko mi\u0142osierdzia&#8221; (po &#8222;Matko Ko\u015bcio\u0142a&#8221;),  &#8222;Matko nadziei&#8221; (po &#8222;Matko \u0142aski Bo\u017cej&#8221;), &#8222;Pociecho migrant\u00f3w&#8221; (po  &#8222;Ucieczko grzesznych&#8221;). Nowe brzmienie litanii loreta\u0144skiej obowi\u0105zuje z  dniem podj\u0119cia uchwa\u0142y, tzn. od 28 sierpnia 2020 r. W obecnym kszta\u0142cie  litania loreta\u0144ska ma 55 wezwa\u0144 do Matki Bo\u017cej.<\/p>\n\n\n\n<p>Litania loreta\u0144ska nazywana jest tak\u017ce litani\u0105 do  Naj\u015bwi\u0119tszej Maryi Panny. Pierwsza wersja tego rodzaju modlitwy powsta\u0142a  w XII wieku we Francji, ale nie zachowa\u0142a si\u0119. W zamian za to utrwali\u0142a si\u0119 wersja u\u017cywana  od pierwszej po\u0142owy XVI wieku w Loreto. St\u0105d nazwa litania loreta\u0144ska. W  1587 roku papie\u017c Sykstus V zwi\u0105za\u0142 z jej odmawianiem przywilej odpustu.  W roku 1631 zakazano wprowadzania wszelkich zmian w litanii bez  zezwolenia Stolicy Apostolskiej, co wp\u0142yn\u0119\u0142o na jej ujednolicenie i  upowszechnienie.<\/p>\n\n\n\n<p>Nowy tekst litanii mo\u017cna  znale\u017a\u0107 tutaj <a href=\"https:\/\/modlitwy24-pl.cdn.ampproject.org\/v\/s\/modlitwy24.pl\/litania-loretanska-do-matki-bozej\/?amp_js_v=a6&amp;amp_gsa=1&amp;amp&amp;usqp=mq331AQHKAFQArABIA%3D%3D#aoh=16187244268829&amp;referrer=https%3A%2F%2Fwww.google.com&amp;amp_tf=%C5%B9r%C3%B3d%C5%82o%3A%20%251%24s&amp;ampshare=https%3A%2F%2Fmodlitwy24.pl%2Flitania-loretanska-do-matki-bozej%2F\">https:\/\/modlitwy24-pl.cdn.ampproject.org\/v\/s\/modlitwy24.pl\/litania-loretanska-do-matki-bozej\/?amp_js_v=a6&amp;amp_gsa=1&amp;amp&amp;usqp=mq331AQHKAFQArABIA%3D%3D#aoh=16187244268829&amp;referrer=https%3A%2F%2Fwww.google.com&amp;amp_tf=%C5%B9r%C3%B3d%C5%82o%3A%20%251%24s&amp;ampshare=https%3A%2F%2Fmodlitwy24.pl%2Flitania-loretanska-do-matki-bozej%2F<\/a><\/p>\n","protected":false},"excerpt":{"rendered":"<p>Konferencja Episkopatu Polski zatwierdzi\u0142a 28 sierpnia polskie t\u0142umaczenie trzech nowych wezwa\u0144 litanii loreta\u0144skiej: &#8222;Matko mi\u0142osierdzia&#8221;, &#8222;Matko nadziei&#8221;, &#8222;Pociecho migrant\u00f3w&#8221; . Nowe wezwania litanii loreta\u0144skiej, wprowadzone w j\u0119zyku \u0142aci\u0144skim przez Stolic\u0119 &#8230;<\/p>\n","protected":false},"author":7,"featured_media":0,"comment_status":"closed","ping_status":"closed","sticky":false,"template":"","format":"standard","meta":[],"categories":[10],"tags":[],"_links":{"self":[{"href":"http:\/\/www.mbnp.archidiecezja.wroc.pl\/index.php?rest_route=\/wp\/v2\/posts\/5286"}],"collection":[{"href":"http:\/\/www.mbnp.archidiecezja.wroc.pl\/index.php?rest_route=\/wp\/v2\/posts"}],"about":[{"href":"http:\/\/www.mbnp.archidiecezja.wroc.pl\/index.php?rest_route=\/wp\/v2\/types\/post"}],"author":[{"embeddable":true,"href":"http:\/\/www.mbnp.archidiecezja.wroc.pl\/index.php?rest_route=\/wp\/v2\/users\/7"}],"replies":[{"embeddable":true,"href":"http:\/\/www.mbnp.archidiecezja.wroc.pl\/index.php?rest_route=%2Fwp%2Fv2%2Fcomments&post=5286"}],"version-history":[{"count":4,"href":"http:\/\/www.mbnp.archidiecezja.wroc.pl\/index.php?rest_route=\/wp\/v2\/posts\/5286\/revisions"}],"predecessor-version":[{"id":5293,"href":"http:\/\/www.mbnp.archidiecezja.wroc.pl\/index.php?rest_route=\/wp\/v2\/posts\/5286\/revisions\/5293"}],"wp:attachment":[{"href":"http:\/\/www.mbnp.archidiecezja.wroc.pl\/index.php?rest_route=%2Fwp%2Fv2%2Fmedia&parent=5286"}],"wp:term":[{"taxonomy":"category","embeddable":true,"href":"http:\/\/www.mbnp.archidiecezja.wroc.pl\/index.php?rest_route=%2Fwp%2Fv2%2Fcategories&post=5286"},{"taxonomy":"post_tag","embeddable":true,"href":"http:\/\/www.mbnp.archidiecezja.wroc.pl\/index.php?rest_route=%2Fwp%2Fv2%2Ftags&post=5286"}],"curies":[{"name":"wp","href":"https:\/\/api.w.org\/{rel}","templated":true}]}}