{"id":528,"date":"2015-11-13T09:58:14","date_gmt":"2015-11-13T08:58:14","guid":{"rendered":"http:\/\/www.mbnp.archidiecezja.wroc.pl\/wordpress\/?p=528"},"modified":"2016-02-25T23:35:13","modified_gmt":"2016-02-25T22:35:13","slug":"poswiecenie-sztandaru-akcji-katolickiej","status":"publish","type":"post","link":"http:\/\/www.mbnp.archidiecezja.wroc.pl\/?p=528","title":{"rendered":"Po\u015bwi\u0119cenie sztandaru Akcji Katolickiej"},"content":{"rendered":"<p style=\"text-align: center;\">Dnia 11 listopada 2015 r. w \u015awi\u0119to Niepodleg\u0142o\u015bci zosta\u0142a odprawiona uroczysta Msza \u015awi\u0119ta koncelebrowana za Ojczyzn\u0119. Podczas tej Uroczysto\u015bci zosta\u0142 po\u015bwi\u0119cony sztandar Parafialnego Oddzia\u0142u AK &#8211; jako ukonorowanie 5-lecia dzia\u0142alno\u015bci POAK.\u00a0 Po\u015bwi\u0119cenia Sztandaru POAK dokona\u0142 ks. dr Marian Biskup &#8211; Asystent \u00a0Diecezjalny DIAK .<\/p>\n<h3 style=\"text-align: center;\"><a href=\"http:\/\/www.mbnp.archidiecezja.wroc.pl\/?page_id=176&amp;album=2015AKPoswiecenieSztandaruAkcjiKatolickiej11112015\">GALERIA<\/a><\/h3>\n<p><a href=\"http:\/\/www.mbnp.archidiecezja.wroc.pl\/wp-content\/uploads\/2016\/01\/szak7.jpg\" rel=\"lightbox[528]\"><img decoding=\"async\" loading=\"lazy\" class=\"aligncenter wp-image-529 size-large\" src=\"http:\/\/www.mbnp.archidiecezja.wroc.pl\/wp-content\/uploads\/2016\/01\/szak7-1024x681.jpg\" alt=\"KONICA MINOLTA DIGITAL CAMERA\" width=\"648\" height=\"431\" srcset=\"http:\/\/www.mbnp.archidiecezja.wroc.pl\/wp-content\/uploads\/2016\/01\/szak7.jpg 1024w, http:\/\/www.mbnp.archidiecezja.wroc.pl\/wp-content\/uploads\/2016\/01\/szak7-300x200.jpg 300w\" sizes=\"(max-width: 648px) 100vw, 648px\" \/><\/a><\/p>\n","protected":false},"excerpt":{"rendered":"<p>Dnia 11 listopada 2015 r. w \u015awi\u0119to Niepodleg\u0142o\u015bci zosta\u0142a odprawiona uroczysta Msza \u015awi\u0119ta koncelebrowana za Ojczyzn\u0119. Podczas tej Uroczysto\u015bci zosta\u0142 po\u015bwi\u0119cony sztandar Parafialnego Oddzia\u0142u AK &#8211; jako ukonorowanie 5-lecia dzia\u0142alno\u015bci &#8230;<\/p>\n","protected":false},"author":7,"featured_media":0,"comment_status":"closed","ping_status":"open","sticky":false,"template":"","format":"standard","meta":[],"categories":[10],"tags":[],"_links":{"self":[{"href":"http:\/\/www.mbnp.archidiecezja.wroc.pl\/index.php?rest_route=\/wp\/v2\/posts\/528"}],"collection":[{"href":"http:\/\/www.mbnp.archidiecezja.wroc.pl\/index.php?rest_route=\/wp\/v2\/posts"}],"about":[{"href":"http:\/\/www.mbnp.archidiecezja.wroc.pl\/index.php?rest_route=\/wp\/v2\/types\/post"}],"author":[{"embeddable":true,"href":"http:\/\/www.mbnp.archidiecezja.wroc.pl\/index.php?rest_route=\/wp\/v2\/users\/7"}],"replies":[{"embeddable":true,"href":"http:\/\/www.mbnp.archidiecezja.wroc.pl\/index.php?rest_route=%2Fwp%2Fv2%2Fcomments&post=528"}],"version-history":[{"count":9,"href":"http:\/\/www.mbnp.archidiecezja.wroc.pl\/index.php?rest_route=\/wp\/v2\/posts\/528\/revisions"}],"predecessor-version":[{"id":1226,"href":"http:\/\/www.mbnp.archidiecezja.wroc.pl\/index.php?rest_route=\/wp\/v2\/posts\/528\/revisions\/1226"}],"wp:attachment":[{"href":"http:\/\/www.mbnp.archidiecezja.wroc.pl\/index.php?rest_route=%2Fwp%2Fv2%2Fmedia&parent=528"}],"wp:term":[{"taxonomy":"category","embeddable":true,"href":"http:\/\/www.mbnp.archidiecezja.wroc.pl\/index.php?rest_route=%2Fwp%2Fv2%2Fcategories&post=528"},{"taxonomy":"post_tag","embeddable":true,"href":"http:\/\/www.mbnp.archidiecezja.wroc.pl\/index.php?rest_route=%2Fwp%2Fv2%2Ftags&post=528"}],"curies":[{"name":"wp","href":"https:\/\/api.w.org\/{rel}","templated":true}]}}