{"id":5263,"date":"2021-04-16T17:18:42","date_gmt":"2021-04-16T15:18:42","guid":{"rendered":"http:\/\/www.mbnp.archidiecezja.wroc.pl\/?p=5263"},"modified":"2022-01-02T09:07:28","modified_gmt":"2022-01-02T08:07:28","slug":"xiii-tydzien-biblijny-i-narodowe-czytanie-pisma-swietego","status":"publish","type":"post","link":"http:\/\/www.mbnp.archidiecezja.wroc.pl\/?p=5263","title":{"rendered":"XIII Tydzie\u0144 Biblijny i Narodowe Czytanie Pisma \u015awi\u0119tego"},"content":{"rendered":"\n<p><strong>W najbli\u017csz\u0105 3. Niedziel\u0119 Wielkanocn\u0105 (18 kwietnia)<\/strong> ju\u017c poraz trzynasty b\u0119dziemy obchodzi\u0107 <strong>Niedziel\u0119 Biblijn\u0105<\/strong>&nbsp;oraz rozpoczniemy&nbsp;Og\u00f3lnopolski Tydzie\u0144 Biblijny pod has\u0142em:&nbsp;<em>\u201eJam jest chleb \u017cycia. Kto do Mnie przychodzi, nie b\u0119dzie \u0142akn\u0105\u0142; a kto we Mnie wierzy, nigdy pragn\u0105\u0107 nie b\u0119dzie\u201d<\/em>&nbsp;(J 6, 35). Tego samego dnia &nbsp;obchodzimy r\u00f3wnie\u017c&nbsp;<strong>5. Narodowe Czytania Pisma \u015awi\u0119tego.<\/strong><\/p>\n\n\n\n<p>Pi\u0105te narodowe Czytanie Pisma \u015awi\u0119tego swoim has\u0142em nawi\u0105zuje do programu duszpasterskiego, kt\u00f3ry wprowadza wiernych w tajemnic\u0119 Eucharystii jako Wieczerzy Pa\u0144skiej. \u201cChrystus zaprasza wszystkich swoich uczni\u00f3w, aby podczas tej Uczty ofiarnej przyjmowali Chleb z nieba pod dwiema postaciami: Ewangelii i Eucharystii\u201d.<\/p>\n\n\n\n<p>Wi\u0119cej na temat tegorocznego Tygodnia Biblijnego mo\u017cna przeczyta\u0107 w artykule Ks. prof. H. Witczyka: &#8222;Ewangelia potrzebna jak tlen&#8221;, opublikowanym w czasopi\u015bmie Niedziela:  <a href=\"https:\/\/www.niedziela.pl\/artykul\/67121\/Ewangelia-konieczna-jak-tlen\">https:\/\/www.niedziela.pl\/artykul\/67121\/Ewangelia-konieczna-jak-tlen<\/a><\/p>\n\n\n\n<figure class=\"wp-block-image\"><img decoding=\"async\" loading=\"lazy\" width=\"1024\" height=\"680\" src=\"http:\/\/www.mbnp.archidiecezja.wroc.pl\/wp-content\/uploads\/2021\/04\/stephen-radford-86QxYjwq8LU-unsplash-1024x680-1024x680.jpg\" alt=\"\" class=\"wp-image-5266\" srcset=\"http:\/\/www.mbnp.archidiecezja.wroc.pl\/wp-content\/uploads\/2021\/04\/stephen-radford-86QxYjwq8LU-unsplash-1024x680.jpg 1024w, http:\/\/www.mbnp.archidiecezja.wroc.pl\/wp-content\/uploads\/2021\/04\/stephen-radford-86QxYjwq8LU-unsplash-1024x680-300x199.jpg 300w, http:\/\/www.mbnp.archidiecezja.wroc.pl\/wp-content\/uploads\/2021\/04\/stephen-radford-86QxYjwq8LU-unsplash-1024x680-768x510.jpg 768w\" sizes=\"(max-width: 1024px) 100vw, 1024px\" \/><\/figure>\n","protected":false},"excerpt":{"rendered":"<p>W najbli\u017csz\u0105 3. Niedziel\u0119 Wielkanocn\u0105 (18 kwietnia) ju\u017c poraz trzynasty b\u0119dziemy obchodzi\u0107 Niedziel\u0119 Biblijn\u0105&nbsp;oraz rozpoczniemy&nbsp;Og\u00f3lnopolski Tydzie\u0144 Biblijny pod has\u0142em:&nbsp;\u201eJam jest chleb \u017cycia. Kto do Mnie przychodzi, nie b\u0119dzie \u0142akn\u0105\u0142; a &#8230;<\/p>\n","protected":false},"author":7,"featured_media":0,"comment_status":"closed","ping_status":"closed","sticky":false,"template":"","format":"standard","meta":[],"categories":[10],"tags":[],"_links":{"self":[{"href":"http:\/\/www.mbnp.archidiecezja.wroc.pl\/index.php?rest_route=\/wp\/v2\/posts\/5263"}],"collection":[{"href":"http:\/\/www.mbnp.archidiecezja.wroc.pl\/index.php?rest_route=\/wp\/v2\/posts"}],"about":[{"href":"http:\/\/www.mbnp.archidiecezja.wroc.pl\/index.php?rest_route=\/wp\/v2\/types\/post"}],"author":[{"embeddable":true,"href":"http:\/\/www.mbnp.archidiecezja.wroc.pl\/index.php?rest_route=\/wp\/v2\/users\/7"}],"replies":[{"embeddable":true,"href":"http:\/\/www.mbnp.archidiecezja.wroc.pl\/index.php?rest_route=%2Fwp%2Fv2%2Fcomments&post=5263"}],"version-history":[{"count":9,"href":"http:\/\/www.mbnp.archidiecezja.wroc.pl\/index.php?rest_route=\/wp\/v2\/posts\/5263\/revisions"}],"predecessor-version":[{"id":5279,"href":"http:\/\/www.mbnp.archidiecezja.wroc.pl\/index.php?rest_route=\/wp\/v2\/posts\/5263\/revisions\/5279"}],"wp:attachment":[{"href":"http:\/\/www.mbnp.archidiecezja.wroc.pl\/index.php?rest_route=%2Fwp%2Fv2%2Fmedia&parent=5263"}],"wp:term":[{"taxonomy":"category","embeddable":true,"href":"http:\/\/www.mbnp.archidiecezja.wroc.pl\/index.php?rest_route=%2Fwp%2Fv2%2Fcategories&post=5263"},{"taxonomy":"post_tag","embeddable":true,"href":"http:\/\/www.mbnp.archidiecezja.wroc.pl\/index.php?rest_route=%2Fwp%2Fv2%2Ftags&post=5263"}],"curies":[{"name":"wp","href":"https:\/\/api.w.org\/{rel}","templated":true}]}}