{"id":5244,"date":"2021-03-28T18:39:31","date_gmt":"2021-03-28T16:39:31","guid":{"rendered":"http:\/\/www.mbnp.archidiecezja.wroc.pl\/?p=5244"},"modified":"2022-01-02T09:07:50","modified_gmt":"2022-01-02T08:07:50","slug":"triduum-paschalne-a-d-2021","status":"publish","type":"post","link":"http:\/\/www.mbnp.archidiecezja.wroc.pl\/?p=5244","title":{"rendered":"Triduum Paschalne A.D. 2021"},"content":{"rendered":"\n<figure class=\"wp-block-image\"><img decoding=\"async\" loading=\"lazy\" width=\"512\" height=\"288\" src=\"http:\/\/www.mbnp.archidiecezja.wroc.pl\/wp-content\/uploads\/2021\/03\/unnamed.jpg\" alt=\"\" class=\"wp-image-5251\" srcset=\"http:\/\/www.mbnp.archidiecezja.wroc.pl\/wp-content\/uploads\/2021\/03\/unnamed.jpg 512w, http:\/\/www.mbnp.archidiecezja.wroc.pl\/wp-content\/uploads\/2021\/03\/unnamed-300x169.jpg 300w\" sizes=\"(max-width: 512px) 100vw, 512px\" \/><\/figure>\n\n\n<h5><span style=\"color: #ff0000;\"><strong>Wielki Czwartek<\/strong> <\/span>\u2013 dzie\u0144 ustanowienia Sakramentu Eucharystii i Kap\u0142a\u0144stwa.<\/h5>\n<ul>\n<li>18.00- Msza \u015bw. Wieczerzy Pa\u0144skiej. Nie b\u0119dzie o\u0142tarza adoracji (Ciemnicy).<\/li>\n<\/ul>\n<h4><span style=\"color: #ff0000;\">Wielki Pi\u0105tek<\/span>&#8211; dzie\u0144 M\u0119ki i \u015amierci Chrystusa. W tym dniu obowi\u0105zuje post \u015bcis\u0142y.<\/h4>\n<ul>\n<li>15.00- Koronka do Bo\u017cego Mi\u0142osierdzia i Droga Krzy\u017cowa<\/li>\n<li>18.00- Liturgia M\u0119ki Pa\u0144skiej. Po wieczornej Liturgii przeniesienie Naj\u015bwi\u0119tszego Sakramentu do Grobu Pa\u0144skiego i adoracja od godz. 19.30 do godz. 24.00<\/li>\n<\/ul>\n<h4><span style=\"color: #ff0000;\">Wielka Sobota<\/span><\/h4>\n<ul>\n<li>8.00 do 18.00 Adoracja Naj\u015bwi\u0119tszego Sakramentu<\/li>\n<li>Po\u015bwi\u0119cenie pokarm\u00f3w w godz. od 9.00 do godz. 15.00 na placu ko\u015bcielnym<\/li>\n<li>15.00- Koronka do Bo\u017cego Mi\u0142osierdzia<\/li>\n<\/ul>\n<h4><span style=\"color: #ff0000;\">Wigilia Paschalna<\/span><\/h4>\n<ul>\n<li>21.00 Liturgia Wigilii Paschalnej<\/li>\n<\/ul>\n<p>\u00a0<\/p>\n<ol>\n<li>W Wielki Czwartek, Pi\u0105tek i Sobot\u0119 nie ma Mszy \u015bw. porannej.<\/li>\n<li>W Niedziel\u0119 Zmartwychwstania i w Poniedzia\u0142ek Wielkanocny porz\u0105dek Mszy \u015bw. niedzielny.<\/li>\n<li>W Wielki Pi\u0105tek rozpocznie si\u0119 Nowenna do Mi\u0142osierdzia Bo\u017cego. Koronka do Mi\u0142osierdzia Bo\u017cego w Wielki Pi\u0105tek i Wielk\u0105 Sobot\u0119 o godz. 15.00, a w pozosta\u0142e dni po Mszy \u015bw. wieczornej.<\/li>\n<\/ol>\n<p>\u00a0<\/p>\n<p>\u00a0<\/p>\n<p>\u00a0<\/p>\n\n\n<p><br><br><\/p>\n\n\n\n<p> <\/p>\n\n\n\n<p><\/p>\n\n\n\n<p><br><\/p>\n\n\n\n<p><br><\/p>\n\n\n\n<p><\/p>\n\n\n\n<p><\/p>\n\n\n\n<p><\/p>\n\n\n\n<p><\/p>\n\n\n\n<p><\/p>\n","protected":false},"excerpt":{"rendered":"<p>Wielki Czwartek \u2013 dzie\u0144 ustanowienia Sakramentu Eucharystii i Kap\u0142a\u0144stwa. 18.00- Msza \u015bw. Wieczerzy Pa\u0144skiej. Nie b\u0119dzie o\u0142tarza adoracji (Ciemnicy). Wielki Pi\u0105tek&#8211; dzie\u0144 M\u0119ki i \u015amierci Chrystusa. W tym dniu obowi\u0105zuje &#8230;<\/p>\n","protected":false},"author":7,"featured_media":0,"comment_status":"closed","ping_status":"closed","sticky":false,"template":"","format":"standard","meta":[],"categories":[10],"tags":[],"_links":{"self":[{"href":"http:\/\/www.mbnp.archidiecezja.wroc.pl\/index.php?rest_route=\/wp\/v2\/posts\/5244"}],"collection":[{"href":"http:\/\/www.mbnp.archidiecezja.wroc.pl\/index.php?rest_route=\/wp\/v2\/posts"}],"about":[{"href":"http:\/\/www.mbnp.archidiecezja.wroc.pl\/index.php?rest_route=\/wp\/v2\/types\/post"}],"author":[{"embeddable":true,"href":"http:\/\/www.mbnp.archidiecezja.wroc.pl\/index.php?rest_route=\/wp\/v2\/users\/7"}],"replies":[{"embeddable":true,"href":"http:\/\/www.mbnp.archidiecezja.wroc.pl\/index.php?rest_route=%2Fwp%2Fv2%2Fcomments&post=5244"}],"version-history":[{"count":6,"href":"http:\/\/www.mbnp.archidiecezja.wroc.pl\/index.php?rest_route=\/wp\/v2\/posts\/5244\/revisions"}],"predecessor-version":[{"id":5252,"href":"http:\/\/www.mbnp.archidiecezja.wroc.pl\/index.php?rest_route=\/wp\/v2\/posts\/5244\/revisions\/5252"}],"wp:attachment":[{"href":"http:\/\/www.mbnp.archidiecezja.wroc.pl\/index.php?rest_route=%2Fwp%2Fv2%2Fmedia&parent=5244"}],"wp:term":[{"taxonomy":"category","embeddable":true,"href":"http:\/\/www.mbnp.archidiecezja.wroc.pl\/index.php?rest_route=%2Fwp%2Fv2%2Fcategories&post=5244"},{"taxonomy":"post_tag","embeddable":true,"href":"http:\/\/www.mbnp.archidiecezja.wroc.pl\/index.php?rest_route=%2Fwp%2Fv2%2Ftags&post=5244"}],"curies":[{"name":"wp","href":"https:\/\/api.w.org\/{rel}","templated":true}]}}