{"id":5234,"date":"2021-06-13T18:23:32","date_gmt":"2021-06-13T16:23:32","guid":{"rendered":"http:\/\/www.mbnp.archidiecezja.wroc.pl\/?p=5234"},"modified":"2022-01-02T13:16:15","modified_gmt":"2022-01-02T12:16:15","slug":"limit-ilosci-wiernych-podczas-nabozenstw","status":"publish","type":"post","link":"http:\/\/www.mbnp.archidiecezja.wroc.pl\/?p=5234","title":{"rendered":"Limit ilo\u015bci wiernych podczas nabo\u017ce\u0144stw"},"content":{"rendered":"\n<p>Poni\u017cej zostaje umieszczony tekst ostatniego rozporz\u0105dzenia Rady Ministr\u00f3w z dnia 11 czerwca 2021 r.&nbsp;<em>zmieniaj\u0105cego rozporz\u0105dzenie w sprawie ustanowienia okre\u015blonych ogranicze\u0144, nakaz\u00f3w i zakaz\u00f3w w zwi\u0105zku z wyst\u0105pieniem stanu epidemii<\/em>&nbsp;(Dz. U. poz. 1054). Rozporz\u0105dzenie wesz\u0142o w \u017cycie w dniu dzisiejszym (12 czerwca 2021).<\/p>\n\n\n\n<p>Zgodnie z zapowiedziami,&nbsp;po ust. 10 dodaje si\u0119 ust. 10a i 10b w brzmieniu:<\/p>\n\n\n\n<p><em>\u201e10a.&nbsp;<strong>Od dnia 13 czerwca 2021 r. do dnia 25 czerwca 2021 r.<\/strong>&nbsp;zgromadzenia organizowane w ramach dzia\u0142alno\u015bci ko\u015bcio\u0142\u00f3w i innych zwi\u0105zk\u00f3w wyznaniowych mog\u0105 si\u0119 odbywa\u0107, pod warunkiem, \u017ce w przypadku gdy zgromadzenie odbywa si\u0119:<\/em><br><em>1) w budynkach i innych obiektach kultu religijnego, znajduje si\u0119 w nich,&nbsp;<strong>przy zachowaniu odleg\u0142o\u015bci nie mniejszej ni\u017c 1,5 m, nie wi\u0119cej uczestnik\u00f3w ni\u017c 50% ob\u0142o\u017cenia budynku lub innego obiektu kultu religijnego, opr\u00f3cz<\/strong>os\u00f3b sprawuj\u0105cych kult religijny lub os\u00f3b dokonuj\u0105cych pochowania, lub os\u00f3b zatrudnionych przez zak\u0142ad lub dom pogrzebowy w przypadku pogrzebu, oraz \u017ce uczestnicy realizuj\u0105 nakaz zakrywania ust i nosa, o kt\u00f3rym mowa w \u00a7 25 ust. 1, z wy\u0142\u0105czeniem os\u00f3b sprawuj\u0105cych kult religijny;<\/em><br><em>2) na zewn\u0105trz, uczestnicy przebywaj\u0105 w odleg\u0142o\u015bci nie mniejszej ni\u017c 1,5 m od siebie.<\/em><\/p>\n\n\n\n<p><em>10b.&nbsp;<strong>Od dnia 26 czerwca 2021 r. do dnia 31 sierpnia 2021 r.<\/strong>&nbsp;zgromadzenia organizowane w ramach dzia\u0142alno\u015bci ko\u015bcio\u0142\u00f3w i innych zwi\u0105zk\u00f3w wyznaniowych mog\u0105 si\u0119 odbywa\u0107, pod warunkiem, \u017ce w przypadku gdy zgromadzenie odbywa si\u0119:<\/em><br><em>1) w budynkach i innych obiektach kultu religijnego, znajduje si\u0119 w nich,&nbsp;<strong>przy zachowaniu odleg\u0142o\u015bci nie mniejszej ni\u017c 1,5 m, nie wi\u0119cej uczestnik\u00f3w ni\u017c 75% ob\u0142o\u017cenia budynku lub innego obiektu kultu religijnego, opr\u00f3cz<\/strong>os\u00f3b sprawuj\u0105cych kult religijny lub os\u00f3b dokonuj\u0105cych pochowania, lub os\u00f3b zatrudnionych przez zak\u0142ad lub dom pogrzebowy w przypadku pogrzebu, oraz \u017ce uczestnicy realizuj\u0105 nakaz zakrywania ust i nosa, o kt\u00f3rym mowa w \u00a7 25 ust. 1, z wy\u0142\u0105czeniem os\u00f3b sprawuj\u0105cych kult religijny;<\/em><br><em>2) na zewn\u0105trz, uczestnicy przebywaj\u0105 w odleg\u0142o\u015bci nie mniejszej ni\u017c 1,5 m od siebie.\u201d<\/em><\/p>\n\n\n\n<p><strong>&nbsp;Do limit\u00f3w nie wlicza si\u0119 os\u00f3b w pe\u0142ni zaszczepionych.<\/strong><\/p>\n\n\n\n<figure class=\"wp-block-image\"><img decoding=\"async\" loading=\"lazy\" width=\"768\" height=\"1024\" src=\"http:\/\/www.mbnp.archidiecezja.wroc.pl\/wp-content\/uploads\/2020\/05\/20200501_183612-2-e1588413945978-768x1024.jpg\" alt=\"\" class=\"wp-image-4601\" srcset=\"http:\/\/www.mbnp.archidiecezja.wroc.pl\/wp-content\/uploads\/2020\/05\/20200501_183612-2-e1588413945978-768x1024.jpg 768w, http:\/\/www.mbnp.archidiecezja.wroc.pl\/wp-content\/uploads\/2020\/05\/20200501_183612-2-e1588413945978-225x300.jpg 225w\" sizes=\"(max-width: 768px) 100vw, 768px\" \/><\/figure>\n","protected":false},"excerpt":{"rendered":"<p>Poni\u017cej zostaje umieszczony tekst ostatniego rozporz\u0105dzenia Rady Ministr\u00f3w z dnia 11 czerwca 2021 r.&nbsp;zmieniaj\u0105cego rozporz\u0105dzenie w sprawie ustanowienia okre\u015blonych ogranicze\u0144, nakaz\u00f3w i zakaz\u00f3w w zwi\u0105zku z wyst\u0105pieniem stanu epidemii&nbsp;(Dz. U. &#8230;<\/p>\n","protected":false},"author":7,"featured_media":0,"comment_status":"closed","ping_status":"closed","sticky":false,"template":"","format":"standard","meta":[],"categories":[10],"tags":[],"_links":{"self":[{"href":"http:\/\/www.mbnp.archidiecezja.wroc.pl\/index.php?rest_route=\/wp\/v2\/posts\/5234"}],"collection":[{"href":"http:\/\/www.mbnp.archidiecezja.wroc.pl\/index.php?rest_route=\/wp\/v2\/posts"}],"about":[{"href":"http:\/\/www.mbnp.archidiecezja.wroc.pl\/index.php?rest_route=\/wp\/v2\/types\/post"}],"author":[{"embeddable":true,"href":"http:\/\/www.mbnp.archidiecezja.wroc.pl\/index.php?rest_route=\/wp\/v2\/users\/7"}],"replies":[{"embeddable":true,"href":"http:\/\/www.mbnp.archidiecezja.wroc.pl\/index.php?rest_route=%2Fwp%2Fv2%2Fcomments&post=5234"}],"version-history":[{"count":7,"href":"http:\/\/www.mbnp.archidiecezja.wroc.pl\/index.php?rest_route=\/wp\/v2\/posts\/5234\/revisions"}],"predecessor-version":[{"id":5361,"href":"http:\/\/www.mbnp.archidiecezja.wroc.pl\/index.php?rest_route=\/wp\/v2\/posts\/5234\/revisions\/5361"}],"wp:attachment":[{"href":"http:\/\/www.mbnp.archidiecezja.wroc.pl\/index.php?rest_route=%2Fwp%2Fv2%2Fmedia&parent=5234"}],"wp:term":[{"taxonomy":"category","embeddable":true,"href":"http:\/\/www.mbnp.archidiecezja.wroc.pl\/index.php?rest_route=%2Fwp%2Fv2%2Fcategories&post=5234"},{"taxonomy":"post_tag","embeddable":true,"href":"http:\/\/www.mbnp.archidiecezja.wroc.pl\/index.php?rest_route=%2Fwp%2Fv2%2Ftags&post=5234"}],"curies":[{"name":"wp","href":"https:\/\/api.w.org\/{rel}","templated":true}]}}