{"id":5172,"date":"2026-02-17T14:04:40","date_gmt":"2026-02-17T13:04:40","guid":{"rendered":"http:\/\/www.mbnp.archidiecezja.wroc.pl\/?p=5172"},"modified":"2026-03-06T22:03:03","modified_gmt":"2026-03-06T21:03:03","slug":"nawracajcie-sie-i-wierzcie-w-ewangelie-sroda-popielcowa-a-d-2021","status":"publish","type":"post","link":"http:\/\/www.mbnp.archidiecezja.wroc.pl\/?p=5172","title":{"rendered":"&#8222;Nawracajcie si\u0119 i wierzcie w Ewangeli\u0119&#8221;- \u015aroda Popielcowa A. D. 2026"},"content":{"rendered":"\n<figure class=\"wp-block-image\"><img decoding=\"async\" loading=\"lazy\" width=\"300\" height=\"168\" src=\"http:\/\/www.mbnp.archidiecezja.wroc.pl\/wp-content\/uploads\/2021\/02\/indeks.jpg\" alt=\"\" class=\"wp-image-5174\"\/><\/figure>\n\n\n<p>W \u015arod\u0119 Popielcow\u0105 (18 lutego 2026) <strong>Msze \u015bw. z obrz\u0119dem posypania g\u0142\u00f3w popio\u0142em<\/strong> b\u0119d\u0105 sprawowane <strong>o godz.: 7:00; 9:00; 16:30; 18:00.<\/strong><\/p>\n\n\n<p><\/p>\n\n\n\n<p>\u015aroda \nPopielcowa rozpoczyna okres Wielkiego Postu &#8211; czas rozwa\u017cania Tajemnicy \nM\u0119ki i \u015amierci Chrystusa. W tym dniu wierni przyjmuj\u0105 na swoje g\u0142owy \npopi\u00f3\u0142 &#8211; znak podj\u0119cia wielkopostnej pokuty i nawr\u00f3cenia. Pan B\u00f3g \nprzypomina o tym przez proroka Joela: &#8222;Nawr\u00f3\u0107cie si\u0119 do Mnie ca\u0142ym swym \nsercem, przez post i p\u0142acz, i lament. Rozdzierajcie jednak serca wasze, a\n nie szaty! Nawr\u00f3\u0107cie si\u0119 do Pana Boga waszego! On bowiem jest \u0142askawy, \nmi\u0142osierny, nieskory do gniewu i wielki w \u0142askawo\u015bci, a lituje si\u0119 na \nwidok niedoli&#8221; (Jl 2, 12-13). Tekst ten m\u00f3wi nie tylko o potrzebie \nnawr\u00f3cenia i pokuty, ale tak\u017ce o niezmierzonym mi\u0142osierdziu Boga i Jego \ngotowo\u015bci do przebaczenia. Pe\u0142ne ufno\u015bci zwr\u00f3cenie si\u0119 ku Bogu, kt\u00f3ry \nkocha grzesznika, jest ju\u017c odwr\u00f3ceniem si\u0119 od z\u0142a, a na pewno jest \npocz\u0105tkiem nawr\u00f3cenia.<\/p>\n\n\n\n<p>Obecny obrz\u0119d po\u015bwi\u0119cenia i na\u0142o\u017cenia na g\u0142ow\u0119 popio\u0142u w \u015arod\u0119 \nPopielcow\u0105 \u0142\u0105czy dwie r\u00f3\u017cne tradycje istniej\u0105ce w pierwszych wiekach \nchrze\u015bcija\u0144stwa.<\/p>\n\n\n\n<p>Czym jest gest posypania g\u0142\u00f3w popio\u0142em? Niech w poszukiwaniu odpowiedzi pomo\u017ce nam artyku\u0142 zaczerpni\u0119ty z tygodnika &#8222;Niedziela&#8221;.<\/p>\n\n\n\n<p>Od najdawniejszych czas\u00f3w praktykowany by\u0142 w Ko\u015bciele zwyczaj \nnak\u0142adania na publicznych grzesznik\u00f3w pokuty. Od VII wieku mia\u0142 on \nmiejsce w \u015brod\u0119 poprzedzaj\u0105c\u0105 pierwsz\u0105 niedziel\u0119 Wielkiego Postu. Za \nci\u0119\u017ckie grzechy, zw\u0142aszcza publiczne, jak odst\u0119pstwo od wiary, \u015bwiadome \nzab\u00f3jstwo, z\u0142amanie przysi\u0119gi ma\u0142\u017ce\u0144skiej (cudzo\u0142\u00f3stwo), obowi\u0105zywa\u0142a \npubliczna pokuta. Pokutnicy zbierali si\u0119 w \u015bwi\u0105tyni, oskar\u017cali si\u0119 wobec\n zebranych ze swoich win, przywdziewali w\u0142osiennice, a kap\u0142ani \nposypywali ich g\u0142owy popio\u0142em. Po odm\u00f3wieniu odpowiednich modlitw biskup\n (lub w jego imieniu kap\u0142an) m\u00f3wi\u0142 do nich: &#8222;Oto wyp\u0119dzamy was teraz z \nobr\u0119bu ko\u015bcio\u0142a z powodu grzech\u00f3w i zbrodni waszych&#8221; i wyprowadza\u0142 ich \nze \u015bwi\u0105tyni. To wyprowadzenie pokutnik\u00f3w poza mury \u015bwi\u0105tyni mia\u0142o by\u0107 \nostrze\u017ceniem dla pozosta\u0142ych wiernych i podkre\u015bla\u0142o prawd\u0119, \u017ce grzech \nci\u0119\u017cki nie tylko obra\u017ca Boga, ale wyklucza ze spo\u0142eczno\u015bci Ko\u015bcio\u0142a. \nUroczyste pojednanie pokutnik\u00f3w z Bogiem i Ko\u015bcio\u0142em nast\u0119powa\u0142o w \ngodzinach porannych w czasie Mszy \u015bw. w Wielki Czwartek.<\/p>\n\n\n\n<p>Od X wieku praktyka pokuty publicznej zaczyna powoli zanika\u0107. W \nliturgii pozosta\u0142 po niej tylko obrz\u0119d posypania g\u0142\u00f3w popio\u0142em. Papie\u017c \nUrban II (+1099) poleci\u0142 nak\u0142ada\u0107 popi\u00f3\u0142 na g\u0142ow\u0119 wszystkich wiernych, \naby przypomnie\u0107 im o krucho\u015bci \u017cycia ludzkiego, przemijaniu, potrzebie \npokuty i nawr\u00f3cenia.<\/p>\n\n\n\n<p>Przy posypywaniu g\u0142\u00f3w popio\u0142em kap\u0142an mo\u017ce u\u017cywa\u0107 zamiennie jednej z \ndw\u00f3ch formu\u0142. Pierwsza, dawna, ale wci\u0105\u017c jeszcze u\u017cywana, wzi\u0119ta jest z \nKsi\u0119gi Rodzaju i brzmi: &#8222;Pami\u0119taj cz\u0142owieku, \u017ce prochem jeste\u015b i w proch\n si\u0119 obr\u00f3cisz&#8221; (Rdz 3, 19).<\/p>\n\n\n\n<p>Druga formu\u0142a, nowa, ma wyra\u017anie aspekt duszpasterski. Zosta\u0142a \nwypowiedziana przez samego Jezusa Chrystusa: &#8222;Nawracajcie si\u0119 i wierzcie\n w Ewangeli\u0119&#8221; (Mk 1, 15). B\u00f3g nie chce \u015bmierci grzesznika, ale \u017ceby si\u0119 \nnawr\u00f3ci\u0142 i \u017cy\u0142 (por. Ez 33, 11). Nawr\u00f3ci\u0107 si\u0119 &#8211; znaczy wyrzuci\u0107 grzech z\n my\u015bli i z serca i wr\u00f3ci\u0107 do Boga. Oznacza to r\u00f3wnie\u017c sta\u0142\u0105 pami\u0119\u0107, \u017ce \nB\u00f3g zawsze jest gotowy przebaczy\u0107, bo jest bogaty w mi\u0142osierdzie. W \nakcie przebaczenia objawia si\u0119 najpe\u0142niej Jego mi\u0142osierna mi\u0142o\u015b\u0107 do \ncz\u0142owieka.<\/p>\n\n\n\n<p>Ka\u017cda z tych formu\u0142 ma swoj\u0105 wymow\u0119. Pierwsza &#8211; dosadna, uczy \nrealizmu i zmusza do refleksji nad \u017cyciem cz\u0142owieka. Druga &#8211; zach\u0119ca do \nprawdziwej pokuty i odmiany \u017cycia w duchu Ewangelii. Obrz\u0119d posypania \ng\u0142\u00f3w popio\u0142em rozpoczyna wielkie dzie\u0142o odnowy \u017cycia.<\/p>\n\n\n\n<p>Niedziela Og\u00f3lnopolska 9\/2003<\/p>\n\n\n\n<h4 class=\"wp-block-heading\">Ks. Zenon Mo\u0144ka<\/h4>\n","protected":false},"excerpt":{"rendered":"<p>W \u015arod\u0119 Popielcow\u0105 (18 lutego 2026) Msze \u015bw. z obrz\u0119dem posypania g\u0142\u00f3w popio\u0142em b\u0119d\u0105 sprawowane o godz.: 7:00; 9:00; 16:30; 18:00. \u015aroda Popielcowa rozpoczyna okres Wielkiego Postu &#8211; czas rozwa\u017cania &#8230;<\/p>\n","protected":false},"author":7,"featured_media":0,"comment_status":"closed","ping_status":"closed","sticky":false,"template":"","format":"standard","meta":[],"categories":[10],"tags":[],"_links":{"self":[{"href":"http:\/\/www.mbnp.archidiecezja.wroc.pl\/index.php?rest_route=\/wp\/v2\/posts\/5172"}],"collection":[{"href":"http:\/\/www.mbnp.archidiecezja.wroc.pl\/index.php?rest_route=\/wp\/v2\/posts"}],"about":[{"href":"http:\/\/www.mbnp.archidiecezja.wroc.pl\/index.php?rest_route=\/wp\/v2\/types\/post"}],"author":[{"embeddable":true,"href":"http:\/\/www.mbnp.archidiecezja.wroc.pl\/index.php?rest_route=\/wp\/v2\/users\/7"}],"replies":[{"embeddable":true,"href":"http:\/\/www.mbnp.archidiecezja.wroc.pl\/index.php?rest_route=%2Fwp%2Fv2%2Fcomments&post=5172"}],"version-history":[{"count":6,"href":"http:\/\/www.mbnp.archidiecezja.wroc.pl\/index.php?rest_route=\/wp\/v2\/posts\/5172\/revisions"}],"predecessor-version":[{"id":8222,"href":"http:\/\/www.mbnp.archidiecezja.wroc.pl\/index.php?rest_route=\/wp\/v2\/posts\/5172\/revisions\/8222"}],"wp:attachment":[{"href":"http:\/\/www.mbnp.archidiecezja.wroc.pl\/index.php?rest_route=%2Fwp%2Fv2%2Fmedia&parent=5172"}],"wp:term":[{"taxonomy":"category","embeddable":true,"href":"http:\/\/www.mbnp.archidiecezja.wroc.pl\/index.php?rest_route=%2Fwp%2Fv2%2Fcategories&post=5172"},{"taxonomy":"post_tag","embeddable":true,"href":"http:\/\/www.mbnp.archidiecezja.wroc.pl\/index.php?rest_route=%2Fwp%2Fv2%2Ftags&post=5172"}],"curies":[{"name":"wp","href":"https:\/\/api.w.org\/{rel}","templated":true}]}}