{"id":5129,"date":"2021-01-01T12:08:28","date_gmt":"2021-01-01T11:08:28","guid":{"rendered":"http:\/\/www.mbnp.archidiecezja.wroc.pl\/?p=5129"},"modified":"2021-02-02T17:30:08","modified_gmt":"2021-02-02T16:30:08","slug":"zyczenia-noworoczne","status":"publish","type":"post","link":"http:\/\/www.mbnp.archidiecezja.wroc.pl\/?p=5129","title":{"rendered":"\u017byczenia Noworoczne"},"content":{"rendered":"\n<p>Drodzy Parafianie, przyjmijcie dar kap\u0142a\u0144skiego b\u0142ogos\u0142awie\u0144stwa, kt\u00f3re niech sp\u0142ynie na ka\u017cdego z Was i na Waszych bliskich. Niech w ka\u017cdym dniu Nowego Roku towarzyszy Wam Maryja, nasza Matka i wyprasza \u0142aski potrzebne do \u015bwi\u0119tego prze\u017cywania swojej ziemskiej pielgrzymki do domu Ojca.<\/p>\n\n\n\n<p>Duszpasterze<\/p>\n\n\n\n<figure class=\"wp-block-image\"><img decoding=\"async\" loading=\"lazy\" width=\"1024\" height=\"404\" src=\"http:\/\/www.mbnp.archidiecezja.wroc.pl\/wp-content\/uploads\/2021\/01\/panagia-1756723_1280-1100x434-1024x404.jpg\" alt=\"\" class=\"wp-image-5131\" srcset=\"http:\/\/www.mbnp.archidiecezja.wroc.pl\/wp-content\/uploads\/2021\/01\/panagia-1756723_1280-1100x434-1024x404.jpg 1024w, http:\/\/www.mbnp.archidiecezja.wroc.pl\/wp-content\/uploads\/2021\/01\/panagia-1756723_1280-1100x434-300x118.jpg 300w, http:\/\/www.mbnp.archidiecezja.wroc.pl\/wp-content\/uploads\/2021\/01\/panagia-1756723_1280-1100x434-768x303.jpg 768w, http:\/\/www.mbnp.archidiecezja.wroc.pl\/wp-content\/uploads\/2021\/01\/panagia-1756723_1280-1100x434.jpg 1100w\" sizes=\"(max-width: 1024px) 100vw, 1024px\" \/><\/figure>\n\n\n\n<p><\/p>\n\n\n\n<p><\/p>\n","protected":false},"excerpt":{"rendered":"<p>Drodzy Parafianie, przyjmijcie dar kap\u0142a\u0144skiego b\u0142ogos\u0142awie\u0144stwa, kt\u00f3re niech sp\u0142ynie na ka\u017cdego z Was i na Waszych bliskich. Niech w ka\u017cdym dniu Nowego Roku towarzyszy Wam Maryja, nasza Matka i wyprasza &#8230;<\/p>\n","protected":false},"author":7,"featured_media":0,"comment_status":"closed","ping_status":"closed","sticky":false,"template":"","format":"standard","meta":[],"categories":[10],"tags":[],"_links":{"self":[{"href":"http:\/\/www.mbnp.archidiecezja.wroc.pl\/index.php?rest_route=\/wp\/v2\/posts\/5129"}],"collection":[{"href":"http:\/\/www.mbnp.archidiecezja.wroc.pl\/index.php?rest_route=\/wp\/v2\/posts"}],"about":[{"href":"http:\/\/www.mbnp.archidiecezja.wroc.pl\/index.php?rest_route=\/wp\/v2\/types\/post"}],"author":[{"embeddable":true,"href":"http:\/\/www.mbnp.archidiecezja.wroc.pl\/index.php?rest_route=\/wp\/v2\/users\/7"}],"replies":[{"embeddable":true,"href":"http:\/\/www.mbnp.archidiecezja.wroc.pl\/index.php?rest_route=%2Fwp%2Fv2%2Fcomments&post=5129"}],"version-history":[{"count":2,"href":"http:\/\/www.mbnp.archidiecezja.wroc.pl\/index.php?rest_route=\/wp\/v2\/posts\/5129\/revisions"}],"predecessor-version":[{"id":5133,"href":"http:\/\/www.mbnp.archidiecezja.wroc.pl\/index.php?rest_route=\/wp\/v2\/posts\/5129\/revisions\/5133"}],"wp:attachment":[{"href":"http:\/\/www.mbnp.archidiecezja.wroc.pl\/index.php?rest_route=%2Fwp%2Fv2%2Fmedia&parent=5129"}],"wp:term":[{"taxonomy":"category","embeddable":true,"href":"http:\/\/www.mbnp.archidiecezja.wroc.pl\/index.php?rest_route=%2Fwp%2Fv2%2Fcategories&post=5129"},{"taxonomy":"post_tag","embeddable":true,"href":"http:\/\/www.mbnp.archidiecezja.wroc.pl\/index.php?rest_route=%2Fwp%2Fv2%2Ftags&post=5129"}],"curies":[{"name":"wp","href":"https:\/\/api.w.org\/{rel}","templated":true}]}}