{"id":5123,"date":"2021-01-07T17:00:44","date_gmt":"2021-01-07T16:00:44","guid":{"rendered":"http:\/\/www.mbnp.archidiecezja.wroc.pl\/?p=5123"},"modified":"2021-02-02T17:20:38","modified_gmt":"2021-02-02T16:20:38","slug":"wizyta-duszpasterska-czyli-koleda","status":"publish","type":"post","link":"http:\/\/www.mbnp.archidiecezja.wroc.pl\/?p=5123","title":{"rendered":"Wizyta Duszpasterska czyli KOL\u0118DA"},"content":{"rendered":"\n<ul class=\"wp-block-gallery columns-1 is-cropped wp-block-gallery-1 is-layout-flex\"><li class=\"blocks-gallery-item\"><figure><img decoding=\"async\" loading=\"lazy\" width=\"1024\" height=\"608\" src=\"http:\/\/www.mbnp.archidiecezja.wroc.pl\/wp-content\/uploads\/2017\/12\/Kol\u0119da-1024x608.jpg\" alt=\"\" data-id=\"2929\" data-link=\"http:\/\/www.mbnp.archidiecezja.wroc.pl\/?attachment_id=2929\" class=\"wp-image-2929\" srcset=\"http:\/\/www.mbnp.archidiecezja.wroc.pl\/wp-content\/uploads\/2017\/12\/Kol\u0119da.jpg 1024w, http:\/\/www.mbnp.archidiecezja.wroc.pl\/wp-content\/uploads\/2017\/12\/Kol\u0119da-300x178.jpg 300w\" sizes=\"(max-width: 1024px) 100vw, 1024px\" \/><\/figure><\/li><\/ul>\n\n\n<p>W tym roku spotkania Duszpasterzy z\u00a0 Parafianami nie mog\u0105 mie\u0107 tradycyjnej formy, tzn. nie b\u0119dzie odwiedzin w domach wiernych, zywanych KOL\u0118D\u0104. W zamian za to zapraszamy mieszka\u0144c\u00f3w poszczeg\u00f3lnych ulic, we wskazane dni, na Msz\u0119 \u015bw. i kol\u0119dowanie do naszej \u015bwi\u0105tyni. Podczas tych spotka\u0144 przeka\u017cemy teksty b\u0142ogos\u0142awie\u0144stwa dom\u00f3w, wod\u0119 \u015bwi\u0119con\u0105 oraz kred\u0119. Te spotkania odbywa\u0107 si\u0119 b\u0119d\u0105 od 4 stycznia do 1 lutego, podczas Mszy \u015bw. o godz.18:00. Zach\u0119camy, aby w tym dniu przygotowa\u0107 w domu st\u00f3\u0142 nakryty bia\u0142ym obrusem, ustawi\u0107 krzy\u017cyk i \u015bwieczki, a po powrocie z nabo\u017ce\u0144stwa wsp\u00f3lnie si\u0119 pomodli\u0107, po\u015bwi\u0119ci\u0107 mieszkanie i oznaczy\u0107 drzwi kred\u0105. Plan tych spotka\u0144 zamieszczamy poni\u017cej.<\/p>\n\n\n<figure class=\"wp-block-image\"><img decoding=\"async\" loading=\"lazy\" width=\"692\" height=\"1024\" src=\"http:\/\/www.mbnp.archidiecezja.wroc.pl\/wp-content\/uploads\/2020\/12\/Screenshot_20201227-094929_Office-1-692x1024.jpg\" alt=\"\" class=\"wp-image-5112\" srcset=\"http:\/\/www.mbnp.archidiecezja.wroc.pl\/wp-content\/uploads\/2020\/12\/Screenshot_20201227-094929_Office-1-692x1024.jpg 692w, http:\/\/www.mbnp.archidiecezja.wroc.pl\/wp-content\/uploads\/2020\/12\/Screenshot_20201227-094929_Office-1-203x300.jpg 203w, http:\/\/www.mbnp.archidiecezja.wroc.pl\/wp-content\/uploads\/2020\/12\/Screenshot_20201227-094929_Office-1-768x1137.jpg 768w, http:\/\/www.mbnp.archidiecezja.wroc.pl\/wp-content\/uploads\/2020\/12\/Screenshot_20201227-094929_Office-1.jpg 1029w\" sizes=\"(max-width: 692px) 100vw, 692px\" \/><\/figure>\n","protected":false},"excerpt":{"rendered":"<p>W tym roku spotkania Duszpasterzy z\u00a0 Parafianami nie mog\u0105 mie\u0107 tradycyjnej formy, tzn. nie b\u0119dzie odwiedzin w domach wiernych, zywanych KOL\u0118D\u0104. W zamian za to zapraszamy mieszka\u0144c\u00f3w poszczeg\u00f3lnych ulic, we &#8230;<\/p>\n","protected":false},"author":7,"featured_media":0,"comment_status":"closed","ping_status":"closed","sticky":false,"template":"","format":"standard","meta":[],"categories":[10],"tags":[],"_links":{"self":[{"href":"http:\/\/www.mbnp.archidiecezja.wroc.pl\/index.php?rest_route=\/wp\/v2\/posts\/5123"}],"collection":[{"href":"http:\/\/www.mbnp.archidiecezja.wroc.pl\/index.php?rest_route=\/wp\/v2\/posts"}],"about":[{"href":"http:\/\/www.mbnp.archidiecezja.wroc.pl\/index.php?rest_route=\/wp\/v2\/types\/post"}],"author":[{"embeddable":true,"href":"http:\/\/www.mbnp.archidiecezja.wroc.pl\/index.php?rest_route=\/wp\/v2\/users\/7"}],"replies":[{"embeddable":true,"href":"http:\/\/www.mbnp.archidiecezja.wroc.pl\/index.php?rest_route=%2Fwp%2Fv2%2Fcomments&post=5123"}],"version-history":[{"count":4,"href":"http:\/\/www.mbnp.archidiecezja.wroc.pl\/index.php?rest_route=\/wp\/v2\/posts\/5123\/revisions"}],"predecessor-version":[{"id":5128,"href":"http:\/\/www.mbnp.archidiecezja.wroc.pl\/index.php?rest_route=\/wp\/v2\/posts\/5123\/revisions\/5128"}],"wp:attachment":[{"href":"http:\/\/www.mbnp.archidiecezja.wroc.pl\/index.php?rest_route=%2Fwp%2Fv2%2Fmedia&parent=5123"}],"wp:term":[{"taxonomy":"category","embeddable":true,"href":"http:\/\/www.mbnp.archidiecezja.wroc.pl\/index.php?rest_route=%2Fwp%2Fv2%2Fcategories&post=5123"},{"taxonomy":"post_tag","embeddable":true,"href":"http:\/\/www.mbnp.archidiecezja.wroc.pl\/index.php?rest_route=%2Fwp%2Fv2%2Ftags&post=5123"}],"curies":[{"name":"wp","href":"https:\/\/api.w.org\/{rel}","templated":true}]}}