{"id":5091,"date":"2020-12-20T09:01:35","date_gmt":"2020-12-20T08:01:35","guid":{"rendered":"http:\/\/www.mbnp.archidiecezja.wroc.pl\/?p=5091"},"modified":"2021-01-09T14:25:43","modified_gmt":"2021-01-09T13:25:43","slug":"zapraszamy-do-wspomnien","status":"publish","type":"post","link":"http:\/\/www.mbnp.archidiecezja.wroc.pl\/?p=5091","title":{"rendered":"Zapraszamy do wspomnie\u0144"},"content":{"rendered":"\n<p>Zapraszamy do obejrzenia filmu dokumentuj\u0105cego Pasterk\u0119 z1967r. sprawowanej z udzia\u0142em kilku tysi\u0119cy wiernych<\/p>\n\n\n\n<p>.<a href=\"https:\/\/www.youtube.com\/watch?v=IUoEFuY89V4\">https:\/\/www.youtube.com\/watch?v=IUoEFuY89V4<\/a><\/p>\n\n\n\n<p><\/p>\n\n\n","protected":false},"excerpt":{"rendered":"<p>Zapraszamy do obejrzenia filmu dokumentuj\u0105cego Pasterk\u0119 z1967r. sprawowanej z udzia\u0142em kilku tysi\u0119cy wiernych .https:\/\/www.youtube.com\/watch?v=IUoEFuY89V4<\/p>\n","protected":false},"author":7,"featured_media":0,"comment_status":"closed","ping_status":"closed","sticky":false,"template":"","format":"standard","meta":[],"categories":[10],"tags":[],"_links":{"self":[{"href":"http:\/\/www.mbnp.archidiecezja.wroc.pl\/index.php?rest_route=\/wp\/v2\/posts\/5091"}],"collection":[{"href":"http:\/\/www.mbnp.archidiecezja.wroc.pl\/index.php?rest_route=\/wp\/v2\/posts"}],"about":[{"href":"http:\/\/www.mbnp.archidiecezja.wroc.pl\/index.php?rest_route=\/wp\/v2\/types\/post"}],"author":[{"embeddable":true,"href":"http:\/\/www.mbnp.archidiecezja.wroc.pl\/index.php?rest_route=\/wp\/v2\/users\/7"}],"replies":[{"embeddable":true,"href":"http:\/\/www.mbnp.archidiecezja.wroc.pl\/index.php?rest_route=%2Fwp%2Fv2%2Fcomments&post=5091"}],"version-history":[{"count":1,"href":"http:\/\/www.mbnp.archidiecezja.wroc.pl\/index.php?rest_route=\/wp\/v2\/posts\/5091\/revisions"}],"predecessor-version":[{"id":5092,"href":"http:\/\/www.mbnp.archidiecezja.wroc.pl\/index.php?rest_route=\/wp\/v2\/posts\/5091\/revisions\/5092"}],"wp:attachment":[{"href":"http:\/\/www.mbnp.archidiecezja.wroc.pl\/index.php?rest_route=%2Fwp%2Fv2%2Fmedia&parent=5091"}],"wp:term":[{"taxonomy":"category","embeddable":true,"href":"http:\/\/www.mbnp.archidiecezja.wroc.pl\/index.php?rest_route=%2Fwp%2Fv2%2Fcategories&post=5091"},{"taxonomy":"post_tag","embeddable":true,"href":"http:\/\/www.mbnp.archidiecezja.wroc.pl\/index.php?rest_route=%2Fwp%2Fv2%2Ftags&post=5091"}],"curies":[{"name":"wp","href":"https:\/\/api.w.org\/{rel}","templated":true}]}}