{"id":5059,"date":"2020-12-13T17:42:52","date_gmt":"2020-12-13T16:42:52","guid":{"rendered":"http:\/\/www.mbnp.archidiecezja.wroc.pl\/?p=5059"},"modified":"2021-01-09T14:26:11","modified_gmt":"2021-01-09T13:26:11","slug":"20-grudnia-adwentowy-dzien-skupienia","status":"publish","type":"post","link":"http:\/\/www.mbnp.archidiecezja.wroc.pl\/?p=5059","title":{"rendered":"20 grudnia- Adwentowy Dzie\u0144 Skupienia"},"content":{"rendered":"<p>Z uwagi na tegoroczn\u0105 sytuacj\u0119 epidemiczn\u0105, rekolekcje adwentowe, kt\u00f3re co roku mogli\u015bmy przezywa\u0107 w naszej Parafii zostan\u0105 zast\u0105pione &#8222;<em><strong>Dniem Skupienia<\/strong><\/em>&#8222;. Homili\u0119 wyg\u0142osi o. Wies\u0142aw Przyjemski, oblat NMP. Tego dnia b\u0119dzie te\u017c okazja do spowiedzi adwentowej- podczas ka\u017cdej Mszy \u015bw. i adoracji, kt\u00f3ra b\u0119dzie w godzinach: 15:00- 18:00<\/p>\n\n\n<figure class=\"wp-block-image\"><img decoding=\"async\" loading=\"lazy\" width=\"716\" height=\"1024\" src=\"http:\/\/www.mbnp.archidiecezja.wroc.pl\/wp-content\/uploads\/2020\/12\/Slajd1-2-716x1024.jpg\" alt=\"\" class=\"wp-image-5061\" srcset=\"http:\/\/www.mbnp.archidiecezja.wroc.pl\/wp-content\/uploads\/2020\/12\/Slajd1-2-716x1024.jpg 716w, http:\/\/www.mbnp.archidiecezja.wroc.pl\/wp-content\/uploads\/2020\/12\/Slajd1-2-210x300.jpg 210w, http:\/\/www.mbnp.archidiecezja.wroc.pl\/wp-content\/uploads\/2020\/12\/Slajd1-2-768x1098.jpg 768w, http:\/\/www.mbnp.archidiecezja.wroc.pl\/wp-content\/uploads\/2020\/12\/Slajd1-2.jpg 793w\" sizes=\"(max-width: 716px) 100vw, 716px\" \/><\/figure>\n","protected":false},"excerpt":{"rendered":"<p>Z uwagi na tegoroczn\u0105 sytuacj\u0119 epidemiczn\u0105, rekolekcje adwentowe, kt\u00f3re co roku mogli\u015bmy przezywa\u0107 w naszej Parafii zostan\u0105 zast\u0105pione &#8222;Dniem Skupienia&#8222;. Homili\u0119 wyg\u0142osi o. Wies\u0142aw Przyjemski, oblat NMP. Tego dnia b\u0119dzie &#8230;<\/p>\n","protected":false},"author":7,"featured_media":0,"comment_status":"closed","ping_status":"closed","sticky":false,"template":"","format":"standard","meta":[],"categories":[10],"tags":[],"_links":{"self":[{"href":"http:\/\/www.mbnp.archidiecezja.wroc.pl\/index.php?rest_route=\/wp\/v2\/posts\/5059"}],"collection":[{"href":"http:\/\/www.mbnp.archidiecezja.wroc.pl\/index.php?rest_route=\/wp\/v2\/posts"}],"about":[{"href":"http:\/\/www.mbnp.archidiecezja.wroc.pl\/index.php?rest_route=\/wp\/v2\/types\/post"}],"author":[{"embeddable":true,"href":"http:\/\/www.mbnp.archidiecezja.wroc.pl\/index.php?rest_route=\/wp\/v2\/users\/7"}],"replies":[{"embeddable":true,"href":"http:\/\/www.mbnp.archidiecezja.wroc.pl\/index.php?rest_route=%2Fwp%2Fv2%2Fcomments&post=5059"}],"version-history":[{"count":2,"href":"http:\/\/www.mbnp.archidiecezja.wroc.pl\/index.php?rest_route=\/wp\/v2\/posts\/5059\/revisions"}],"predecessor-version":[{"id":5062,"href":"http:\/\/www.mbnp.archidiecezja.wroc.pl\/index.php?rest_route=\/wp\/v2\/posts\/5059\/revisions\/5062"}],"wp:attachment":[{"href":"http:\/\/www.mbnp.archidiecezja.wroc.pl\/index.php?rest_route=%2Fwp%2Fv2%2Fmedia&parent=5059"}],"wp:term":[{"taxonomy":"category","embeddable":true,"href":"http:\/\/www.mbnp.archidiecezja.wroc.pl\/index.php?rest_route=%2Fwp%2Fv2%2Fcategories&post=5059"},{"taxonomy":"post_tag","embeddable":true,"href":"http:\/\/www.mbnp.archidiecezja.wroc.pl\/index.php?rest_route=%2Fwp%2Fv2%2Ftags&post=5059"}],"curies":[{"name":"wp","href":"https:\/\/api.w.org\/{rel}","templated":true}]}}