{"id":4993,"date":"2020-11-02T20:14:16","date_gmt":"2020-11-02T19:14:16","guid":{"rendered":"http:\/\/www.mbnp.archidiecezja.wroc.pl\/?p=4993"},"modified":"2020-11-11T12:34:42","modified_gmt":"2020-11-11T11:34:42","slug":"rozaniec-do-granic-nieba","status":"publish","type":"post","link":"http:\/\/www.mbnp.archidiecezja.wroc.pl\/?p=4993","title":{"rendered":"R\u00f3\u017caniec do granic nieba"},"content":{"rendered":"\n<figure class=\"wp-block-image\"><img decoding=\"async\" loading=\"lazy\" width=\"940\" height=\"492\" src=\"http:\/\/www.mbnp.archidiecezja.wroc.pl\/wp-content\/uploads\/2020\/11\/fa1066089b73f4022e0c4de3cf1bcb32_XL.jpg\" alt=\"\" class=\"wp-image-4994\" srcset=\"http:\/\/www.mbnp.archidiecezja.wroc.pl\/wp-content\/uploads\/2020\/11\/fa1066089b73f4022e0c4de3cf1bcb32_XL.jpg 940w, http:\/\/www.mbnp.archidiecezja.wroc.pl\/wp-content\/uploads\/2020\/11\/fa1066089b73f4022e0c4de3cf1bcb32_XL-300x157.jpg 300w, http:\/\/www.mbnp.archidiecezja.wroc.pl\/wp-content\/uploads\/2020\/11\/fa1066089b73f4022e0c4de3cf1bcb32_XL-768x402.jpg 768w\" sizes=\"(max-width: 940px) 100vw, 940px\" \/><figcaption>Nasza Parafia w\u0142\u0105cza si\u0119 w dzie\u0142o modlitwy r\u00f3\u017ca\u0144cowej w intencjach pokoju i  poszanowania \u017cycia ludzkiego. Codziennie,  do 08.11.2020r., b\u0119dziemy modli\u0107 si\u0119 po wieczornej Mszy \u015bw. przed wystawionym Naj\u015bwi\u0119tszym Sakramentem. W \u015brod\u0119 modlitw\u0119 r\u00f3\u017ca\u0144cow\u0105 odm\u00f3wimy o 15:30<\/figcaption><\/figure>\n","protected":false},"excerpt":{"rendered":"","protected":false},"author":7,"featured_media":0,"comment_status":"closed","ping_status":"closed","sticky":false,"template":"","format":"standard","meta":[],"categories":[10],"tags":[],"_links":{"self":[{"href":"http:\/\/www.mbnp.archidiecezja.wroc.pl\/index.php?rest_route=\/wp\/v2\/posts\/4993"}],"collection":[{"href":"http:\/\/www.mbnp.archidiecezja.wroc.pl\/index.php?rest_route=\/wp\/v2\/posts"}],"about":[{"href":"http:\/\/www.mbnp.archidiecezja.wroc.pl\/index.php?rest_route=\/wp\/v2\/types\/post"}],"author":[{"embeddable":true,"href":"http:\/\/www.mbnp.archidiecezja.wroc.pl\/index.php?rest_route=\/wp\/v2\/users\/7"}],"replies":[{"embeddable":true,"href":"http:\/\/www.mbnp.archidiecezja.wroc.pl\/index.php?rest_route=%2Fwp%2Fv2%2Fcomments&post=4993"}],"version-history":[{"count":1,"href":"http:\/\/www.mbnp.archidiecezja.wroc.pl\/index.php?rest_route=\/wp\/v2\/posts\/4993\/revisions"}],"predecessor-version":[{"id":4995,"href":"http:\/\/www.mbnp.archidiecezja.wroc.pl\/index.php?rest_route=\/wp\/v2\/posts\/4993\/revisions\/4995"}],"wp:attachment":[{"href":"http:\/\/www.mbnp.archidiecezja.wroc.pl\/index.php?rest_route=%2Fwp%2Fv2%2Fmedia&parent=4993"}],"wp:term":[{"taxonomy":"category","embeddable":true,"href":"http:\/\/www.mbnp.archidiecezja.wroc.pl\/index.php?rest_route=%2Fwp%2Fv2%2Fcategories&post=4993"},{"taxonomy":"post_tag","embeddable":true,"href":"http:\/\/www.mbnp.archidiecezja.wroc.pl\/index.php?rest_route=%2Fwp%2Fv2%2Ftags&post=4993"}],"curies":[{"name":"wp","href":"https:\/\/api.w.org\/{rel}","templated":true}]}}