{"id":4978,"date":"2020-10-31T17:55:10","date_gmt":"2020-10-31T16:55:10","guid":{"rendered":"http:\/\/www.mbnp.archidiecezja.wroc.pl\/?p=4978"},"modified":"2020-11-24T19:48:13","modified_gmt":"2020-11-24T18:48:13","slug":"komunikat-rady-stalej-kep-w-sprawie","status":"publish","type":"post","link":"http:\/\/www.mbnp.archidiecezja.wroc.pl\/?p=4978","title":{"rendered":"Komunikat Rady Sta\u0142ej KEP"},"content":{"rendered":"\n<figure class=\"wp-block-image is-resized\"><img decoding=\"async\" loading=\"lazy\" src=\"http:\/\/www.mbnp.archidiecezja.wroc.pl\/wp-content\/uploads\/2020\/10\/Screenshot_20201031-173935_Office-714x1024.jpg\" alt=\"\" class=\"wp-image-4980\" width=\"580\" height=\"831\" srcset=\"http:\/\/www.mbnp.archidiecezja.wroc.pl\/wp-content\/uploads\/2020\/10\/Screenshot_20201031-173935_Office-714x1024.jpg 714w, http:\/\/www.mbnp.archidiecezja.wroc.pl\/wp-content\/uploads\/2020\/10\/Screenshot_20201031-173935_Office-209x300.jpg 209w, http:\/\/www.mbnp.archidiecezja.wroc.pl\/wp-content\/uploads\/2020\/10\/Screenshot_20201031-173935_Office-768x1101.jpg 768w, http:\/\/www.mbnp.archidiecezja.wroc.pl\/wp-content\/uploads\/2020\/10\/Screenshot_20201031-173935_Office.jpg 879w\" sizes=\"(max-width: 580px) 100vw, 580px\" \/><figcaption><a href=\"https:\/\/episkopat.pl\/rada-stala-kep-wzywamy-do-dialogu-spolecznego-i-poszanowania-godnosci-kazdego-czlowieka\/\">https:\/\/episkopat.pl\/rada-stala-kep-wzywamy-do-dialogu-spolecznego-i-poszanowania-godnosci-kazdego-czlowieka\/<\/a><\/figcaption><\/figure>\n\n\n\n<p>Zamieszczamy link do komunikatu KEP wzywaj\u0105cego do dialogu spo\u0142ecznego i poszanowania godno\u015bci ka\u017cdego cz\u0142owieka.<\/p>\n","protected":false},"excerpt":{"rendered":"<p>Zamieszczamy link do komunikatu KEP wzywaj\u0105cego do dialogu spo\u0142ecznego i poszanowania godno\u015bci ka\u017cdego cz\u0142owieka.<\/p>\n","protected":false},"author":7,"featured_media":0,"comment_status":"closed","ping_status":"closed","sticky":false,"template":"","format":"standard","meta":[],"categories":[10],"tags":[],"_links":{"self":[{"href":"http:\/\/www.mbnp.archidiecezja.wroc.pl\/index.php?rest_route=\/wp\/v2\/posts\/4978"}],"collection":[{"href":"http:\/\/www.mbnp.archidiecezja.wroc.pl\/index.php?rest_route=\/wp\/v2\/posts"}],"about":[{"href":"http:\/\/www.mbnp.archidiecezja.wroc.pl\/index.php?rest_route=\/wp\/v2\/types\/post"}],"author":[{"embeddable":true,"href":"http:\/\/www.mbnp.archidiecezja.wroc.pl\/index.php?rest_route=\/wp\/v2\/users\/7"}],"replies":[{"embeddable":true,"href":"http:\/\/www.mbnp.archidiecezja.wroc.pl\/index.php?rest_route=%2Fwp%2Fv2%2Fcomments&post=4978"}],"version-history":[{"count":4,"href":"http:\/\/www.mbnp.archidiecezja.wroc.pl\/index.php?rest_route=\/wp\/v2\/posts\/4978\/revisions"}],"predecessor-version":[{"id":4986,"href":"http:\/\/www.mbnp.archidiecezja.wroc.pl\/index.php?rest_route=\/wp\/v2\/posts\/4978\/revisions\/4986"}],"wp:attachment":[{"href":"http:\/\/www.mbnp.archidiecezja.wroc.pl\/index.php?rest_route=%2Fwp%2Fv2%2Fmedia&parent=4978"}],"wp:term":[{"taxonomy":"category","embeddable":true,"href":"http:\/\/www.mbnp.archidiecezja.wroc.pl\/index.php?rest_route=%2Fwp%2Fv2%2Fcategories&post=4978"},{"taxonomy":"post_tag","embeddable":true,"href":"http:\/\/www.mbnp.archidiecezja.wroc.pl\/index.php?rest_route=%2Fwp%2Fv2%2Ftags&post=4978"}],"curies":[{"name":"wp","href":"https:\/\/api.w.org\/{rel}","templated":true}]}}