{"id":4948,"date":"2020-12-22T17:47:48","date_gmt":"2020-12-22T16:47:48","guid":{"rendered":"http:\/\/www.mbnp.archidiecezja.wroc.pl\/?p=4948"},"modified":"2022-01-02T13:18:59","modified_gmt":"2022-01-02T12:18:59","slug":"nowe-zalecenia-sanitarne","status":"publish","type":"post","link":"http:\/\/www.mbnp.archidiecezja.wroc.pl\/?p=4948","title":{"rendered":"Nowe zalecenia sanitarne"},"content":{"rendered":"\n<figure class=\"wp-block-image\"><img decoding=\"async\" loading=\"lazy\" width=\"324\" height=\"182\" src=\"http:\/\/www.mbnp.archidiecezja.wroc.pl\/wp-content\/uploads\/2020\/10\/koronawirus-a3a78b8e.png\" alt=\"\" class=\"wp-image-4951\" srcset=\"http:\/\/www.mbnp.archidiecezja.wroc.pl\/wp-content\/uploads\/2020\/10\/koronawirus-a3a78b8e.png 324w, http:\/\/www.mbnp.archidiecezja.wroc.pl\/wp-content\/uploads\/2020\/10\/koronawirus-a3a78b8e-300x169.png 300w\" sizes=\"(max-width: 324px) 100vw, 324px\" \/><\/figure>\n\n\n\n<p>Od 07 listopada w naszej \u015bwi\u0105tyni jednocze\u015bnie mo\u017ce przebywa\u0107 do 76 os\u00f3b. W \u015bwi\u0105tyni obowi\u0105zuje nakaz zakrywania ust i nosa i zachowania bezpiecznej odleg\u0142o\u015bci.<\/p>\n","protected":false},"excerpt":{"rendered":"<p>Od 07 listopada w naszej \u015bwi\u0105tyni jednocze\u015bnie mo\u017ce przebywa\u0107 do 76 os\u00f3b. W \u015bwi\u0105tyni obowi\u0105zuje nakaz zakrywania ust i nosa i zachowania bezpiecznej odleg\u0142o\u015bci.<\/p>\n","protected":false},"author":7,"featured_media":0,"comment_status":"closed","ping_status":"closed","sticky":false,"template":"","format":"standard","meta":[],"categories":[10],"tags":[],"_links":{"self":[{"href":"http:\/\/www.mbnp.archidiecezja.wroc.pl\/index.php?rest_route=\/wp\/v2\/posts\/4948"}],"collection":[{"href":"http:\/\/www.mbnp.archidiecezja.wroc.pl\/index.php?rest_route=\/wp\/v2\/posts"}],"about":[{"href":"http:\/\/www.mbnp.archidiecezja.wroc.pl\/index.php?rest_route=\/wp\/v2\/types\/post"}],"author":[{"embeddable":true,"href":"http:\/\/www.mbnp.archidiecezja.wroc.pl\/index.php?rest_route=\/wp\/v2\/users\/7"}],"replies":[{"embeddable":true,"href":"http:\/\/www.mbnp.archidiecezja.wroc.pl\/index.php?rest_route=%2Fwp%2Fv2%2Fcomments&post=4948"}],"version-history":[{"count":7,"href":"http:\/\/www.mbnp.archidiecezja.wroc.pl\/index.php?rest_route=\/wp\/v2\/posts\/4948\/revisions"}],"predecessor-version":[{"id":5118,"href":"http:\/\/www.mbnp.archidiecezja.wroc.pl\/index.php?rest_route=\/wp\/v2\/posts\/4948\/revisions\/5118"}],"wp:attachment":[{"href":"http:\/\/www.mbnp.archidiecezja.wroc.pl\/index.php?rest_route=%2Fwp%2Fv2%2Fmedia&parent=4948"}],"wp:term":[{"taxonomy":"category","embeddable":true,"href":"http:\/\/www.mbnp.archidiecezja.wroc.pl\/index.php?rest_route=%2Fwp%2Fv2%2Fcategories&post=4948"},{"taxonomy":"post_tag","embeddable":true,"href":"http:\/\/www.mbnp.archidiecezja.wroc.pl\/index.php?rest_route=%2Fwp%2Fv2%2Ftags&post=4948"}],"curies":[{"name":"wp","href":"https:\/\/api.w.org\/{rel}","templated":true}]}}