{"id":4927,"date":"2020-10-06T19:05:56","date_gmt":"2020-10-06T17:05:56","guid":{"rendered":"http:\/\/www.mbnp.archidiecezja.wroc.pl\/?p=4927"},"modified":"2022-01-02T14:19:36","modified_gmt":"2022-01-02T13:19:36","slug":"film-poswiecony-wspomnieniom-o-sp-ksiedzu-franciszku-skarusie","status":"publish","type":"post","link":"http:\/\/www.mbnp.archidiecezja.wroc.pl\/?p=4927","title":{"rendered":"Film po\u015bwi\u0119cony wspomnieniom  o \u015bp. Ksi\u0119dzu Franciszku Skarusie"},"content":{"rendered":"\n<figure class=\"wp-block-embed-youtube wp-block-embed is-type-video is-provider-youtube wp-embed-aspect-16-9 wp-has-aspect-ratio\"><div class=\"wp-block-embed__wrapper\">\n<iframe loading=\"lazy\" title=\"Ksi\u0105dz Pra\u0142at Franciszek Skorusa - Kap\u0142an, G\u00f3ral, Przyjaciel\" width=\"800\" height=\"450\" src=\"https:\/\/www.youtube.com\/embed\/lgcvchulP7Q?feature=oembed\" frameborder=\"0\" allow=\"accelerometer; autoplay; clipboard-write; encrypted-media; gyroscope; picture-in-picture; web-share\" referrerpolicy=\"strict-origin-when-cross-origin\" allowfullscreen><\/iframe>\n<\/div><figcaption>Z\u0105praszamy do obejrzenia<\/figcaption><\/figure>\n","protected":false},"excerpt":{"rendered":"","protected":false},"author":7,"featured_media":0,"comment_status":"closed","ping_status":"closed","sticky":false,"template":"","format":"standard","meta":[],"categories":[10],"tags":[],"_links":{"self":[{"href":"http:\/\/www.mbnp.archidiecezja.wroc.pl\/index.php?rest_route=\/wp\/v2\/posts\/4927"}],"collection":[{"href":"http:\/\/www.mbnp.archidiecezja.wroc.pl\/index.php?rest_route=\/wp\/v2\/posts"}],"about":[{"href":"http:\/\/www.mbnp.archidiecezja.wroc.pl\/index.php?rest_route=\/wp\/v2\/types\/post"}],"author":[{"embeddable":true,"href":"http:\/\/www.mbnp.archidiecezja.wroc.pl\/index.php?rest_route=\/wp\/v2\/users\/7"}],"replies":[{"embeddable":true,"href":"http:\/\/www.mbnp.archidiecezja.wroc.pl\/index.php?rest_route=%2Fwp%2Fv2%2Fcomments&post=4927"}],"version-history":[{"count":1,"href":"http:\/\/www.mbnp.archidiecezja.wroc.pl\/index.php?rest_route=\/wp\/v2\/posts\/4927\/revisions"}],"predecessor-version":[{"id":4929,"href":"http:\/\/www.mbnp.archidiecezja.wroc.pl\/index.php?rest_route=\/wp\/v2\/posts\/4927\/revisions\/4929"}],"wp:attachment":[{"href":"http:\/\/www.mbnp.archidiecezja.wroc.pl\/index.php?rest_route=%2Fwp%2Fv2%2Fmedia&parent=4927"}],"wp:term":[{"taxonomy":"category","embeddable":true,"href":"http:\/\/www.mbnp.archidiecezja.wroc.pl\/index.php?rest_route=%2Fwp%2Fv2%2Fcategories&post=4927"},{"taxonomy":"post_tag","embeddable":true,"href":"http:\/\/www.mbnp.archidiecezja.wroc.pl\/index.php?rest_route=%2Fwp%2Fv2%2Ftags&post=4927"}],"curies":[{"name":"wp","href":"https:\/\/api.w.org\/{rel}","templated":true}]}}