{"id":4867,"date":"2020-09-12T19:11:09","date_gmt":"2020-09-12T17:11:09","guid":{"rendered":"http:\/\/www.mbnp.archidiecezja.wroc.pl\/?p=4867"},"modified":"2020-10-06T18:58:57","modified_gmt":"2020-10-06T16:58:57","slug":"x-tydzien-wychowania-budujmy-wiezi","status":"publish","type":"post","link":"http:\/\/www.mbnp.archidiecezja.wroc.pl\/?p=4867","title":{"rendered":"X Tydzie\u0144 Wychowania: &#8222;Budujmy wi\u0119zi&#8221;"},"content":{"rendered":"<p>\u00a0<\/p>\n<p><strong>Drodzy Rodzice, Duszpasterze, Nauczyciele i Wychowawcy,<\/strong><\/p>\n<p class=\"indent\">w tym roku przypada setna rocznica urodzin \u015bw. Jana Paw\u0142a II, kt\u00f3rego mo\u017cna nazwa\u0107 \u201epapie\u017cem relacji\u201d. Ten charakterystyczny rys sylwetki Papie\u017ca Polaka by\u0142 widoczny ju\u017c w jego kap\u0142a\u0144skiej pos\u0142udze (\u015brodowisko nazywa\u0142o go \u201eWujkiem\u201d), a p\u00f3\u017aniej w czasie dwudziestu siedmiu lat trwania jego pontyfikatu. Dialog ekumeniczny i mi\u0119dzyreligijny, pro\u015bba o przebaczenie skierowana, do tych, kt\u00f3rzy cierpieli z winy syn\u00f3w i c\u00f3rek Ko\u015bcio\u0142a, spotkania z uczonymi, reprezentuj\u0105cymi r\u00f3\u017cne kierunki my\u015blenia, to tylko niekt\u00f3re z dzia\u0142a\u0144 \u015bw. Jana Paw\u0142a II, \u015bwiadcz\u0105cych o stylu, w jakim realizowa\u0142 sw\u00f3j pontyfikat. Sam Ojciec \u015awi\u0119ty by\u0142 mistrzem w nawi\u0105zywaniu relacji.<\/p>\n<p class=\"indent\">\u201eBudujmy wi\u0119zi\u201d to has\u0142o tegorocznego, X Tygodnia Wychowania w naszej Ojczy\u017anie. Potrzeba relacji nale\u017cy do najwa\u017cniejszych potrzeb cz\u0142owieka. Prze\u017cywanie wiary polega na rozwijaniu relacji z Bogiem. Relacje ma\u0142\u017ce\u0144skie i relacje pomi\u0119dzy rodzicami a dzie\u0107mi maj\u0105 fundamentalne znaczenie dla procesu wychowania, pocz\u0105wszy od wczesnego dzieci\u0144stwa. Proces ten opiera si\u0119 te\u017c na relacjach w rodze\u0144stwie, na wi\u0119ziach \u0142\u0105cz\u0105cych cz\u0142onk\u00f3w rodziny oraz na relacjach z nauczycielami i wychowawcami. Zaburzenie kt\u00f3rej\u015b z tych relacji wp\u0142ywa w bardzo niekorzystny spos\u00f3b na dojrza\u0142o\u015b\u0107 wychowanka, a negatywne skutki takich brak\u00f3w mog\u0105 towarzyszy\u0107 cz\u0142owiekowi nawet do ko\u0144ca \u017cycia. Wszelkie dzia\u0142ania terapeutyczne i kierownictwo duchowe r\u00f3wnie\u017c opieraj\u0105 si\u0119 na relacjach. St\u0105d tak wa\u017cna jest troska o budzenie \u015bwiadomo\u015bci znaczenia relacji w naszym \u017cyciu. Nieocenione znaczenie ma r\u00f3wnie\u017c pomoc w kszta\u0142towaniu dojrza\u0142ych, g\u0142\u0119bokich wi\u0119zi. Potrzeby te sta\u0142y si\u0119 szczeg\u00f3lnie wyra\u017ane wobec wyzwa\u0144, jakie postawi\u0142a przed nami sytuacja pandemii, kt\u00f3rej wp\u0142yw na nasze \u017cycie wci\u0105\u017c odczuwamy.<\/p>\n<p class=\"indent\">Problematyka budowania wzajemnych relacji b\u0119dzie przedmiotem refleksji, kt\u00f3r\u0105 podejmowa\u0107 b\u0119dziemy w naszej Ojczy\u017anie w dniach od 13 do 19 wrze\u015bnia 2020 roku. X Tydzie\u0144 Wychowania poprzedzi List Pasterski Episkopatu Polski. Proponujemy rozwa\u017cania oparte na czytaniach mszalnych i teksty modlitwy wiernych na kolejne dni tygodnia, scenariusze katechez dla trzech grup wiekowych oraz tekst konferencji dla rodzic\u00f3w, katechet\u00f3w i nauczycieli. Materia\u0142y opracowa\u0142 zesp\u00f3\u0142 katechet\u00f3w i duszpasterzy pod kierunkiem ks. Marka Studenskiego.<\/p>\n<p class=\"indent\"><a href=\"https:\/\/tydzienwychowania.pl\/materialy\/x-tydzien-wychowania-2020\/\">https:\/\/tydzienwychowania.pl\/materialy\/x-tydzien-wychowania-2020\/<\/a><\/p>\n\n\n<figure class=\"wp-block-image\"><img decoding=\"async\" loading=\"lazy\" width=\"1024\" height=\"615\" src=\"http:\/\/www.mbnp.archidiecezja.wroc.pl\/wp-content\/uploads\/2020\/09\/tw2020-baner-1024x615.jpg\" alt=\"\" class=\"wp-image-4868\" srcset=\"http:\/\/www.mbnp.archidiecezja.wroc.pl\/wp-content\/uploads\/2020\/09\/tw2020-baner-1024x615.jpg 1024w, http:\/\/www.mbnp.archidiecezja.wroc.pl\/wp-content\/uploads\/2020\/09\/tw2020-baner-300x180.jpg 300w, http:\/\/www.mbnp.archidiecezja.wroc.pl\/wp-content\/uploads\/2020\/09\/tw2020-baner-768x461.jpg 768w, http:\/\/www.mbnp.archidiecezja.wroc.pl\/wp-content\/uploads\/2020\/09\/tw2020-baner.jpg 1200w\" sizes=\"(max-width: 1024px) 100vw, 1024px\" \/><\/figure>\n\n\n\n<figure class=\"wp-block-image\"><img alt=\"\"\/><\/figure>\n","protected":false},"excerpt":{"rendered":"<p>\u00a0 Drodzy Rodzice, Duszpasterze, Nauczyciele i Wychowawcy, w tym roku przypada setna rocznica urodzin \u015bw. Jana Paw\u0142a II, kt\u00f3rego mo\u017cna nazwa\u0107 \u201epapie\u017cem relacji\u201d. Ten charakterystyczny rys sylwetki Papie\u017ca Polaka by\u0142 &#8230;<\/p>\n","protected":false},"author":7,"featured_media":0,"comment_status":"closed","ping_status":"closed","sticky":false,"template":"","format":"standard","meta":[],"categories":[10],"tags":[],"_links":{"self":[{"href":"http:\/\/www.mbnp.archidiecezja.wroc.pl\/index.php?rest_route=\/wp\/v2\/posts\/4867"}],"collection":[{"href":"http:\/\/www.mbnp.archidiecezja.wroc.pl\/index.php?rest_route=\/wp\/v2\/posts"}],"about":[{"href":"http:\/\/www.mbnp.archidiecezja.wroc.pl\/index.php?rest_route=\/wp\/v2\/types\/post"}],"author":[{"embeddable":true,"href":"http:\/\/www.mbnp.archidiecezja.wroc.pl\/index.php?rest_route=\/wp\/v2\/users\/7"}],"replies":[{"embeddable":true,"href":"http:\/\/www.mbnp.archidiecezja.wroc.pl\/index.php?rest_route=%2Fwp%2Fv2%2Fcomments&post=4867"}],"version-history":[{"count":2,"href":"http:\/\/www.mbnp.archidiecezja.wroc.pl\/index.php?rest_route=\/wp\/v2\/posts\/4867\/revisions"}],"predecessor-version":[{"id":4870,"href":"http:\/\/www.mbnp.archidiecezja.wroc.pl\/index.php?rest_route=\/wp\/v2\/posts\/4867\/revisions\/4870"}],"wp:attachment":[{"href":"http:\/\/www.mbnp.archidiecezja.wroc.pl\/index.php?rest_route=%2Fwp%2Fv2%2Fmedia&parent=4867"}],"wp:term":[{"taxonomy":"category","embeddable":true,"href":"http:\/\/www.mbnp.archidiecezja.wroc.pl\/index.php?rest_route=%2Fwp%2Fv2%2Fcategories&post=4867"},{"taxonomy":"post_tag","embeddable":true,"href":"http:\/\/www.mbnp.archidiecezja.wroc.pl\/index.php?rest_route=%2Fwp%2Fv2%2Ftags&post=4867"}],"curies":[{"name":"wp","href":"https:\/\/api.w.org\/{rel}","templated":true}]}}