{"id":4832,"date":"2020-08-22T21:40:18","date_gmt":"2020-08-22T19:40:18","guid":{"rendered":"http:\/\/www.mbnp.archidiecezja.wroc.pl\/?p=4832"},"modified":"2020-10-06T18:59:24","modified_gmt":"2020-10-06T16:59:24","slug":"26-sierpnia-uroczystosc-matki-boskiej-czestochowskiej","status":"publish","type":"post","link":"http:\/\/www.mbnp.archidiecezja.wroc.pl\/?p=4832","title":{"rendered":"26 sierpnia- Uroczysto\u015b\u0107 Matki Boskiej Cz\u0119stochowskiej"},"content":{"rendered":"\n<h1 class=\"wp-block-heading\"><\/h1>\n\n\n\n<p>Na cz\u0119stochowskim obrazie Matka Bo\u017ca przedstawiona jest jako Hodegetria &#8211; z Dzieci\u0105tkiem na lewej r\u0119ce, praw\u0105 ma u\u0142o\u017con\u0105 na piersiach w taki spos\u00f3b, jakby wskazywa\u0142a na Syna.<br><\/p>\n\n\n\n<figure class=\"wp-block-image\"><img decoding=\"async\" loading=\"lazy\" width=\"1024\" height=\"683\" src=\"http:\/\/www.mbnp.archidiecezja.wroc.pl\/wp-content\/uploads\/2020\/08\/Maryja-Jasna-Gora2-1024x683.jpg\" alt=\"\" class=\"wp-image-4839\" srcset=\"http:\/\/www.mbnp.archidiecezja.wroc.pl\/wp-content\/uploads\/2020\/08\/Maryja-Jasna-Gora2-1024x683.jpg 1024w, http:\/\/www.mbnp.archidiecezja.wroc.pl\/wp-content\/uploads\/2020\/08\/Maryja-Jasna-Gora2-300x200.jpg 300w, http:\/\/www.mbnp.archidiecezja.wroc.pl\/wp-content\/uploads\/2020\/08\/Maryja-Jasna-Gora2-768x512.jpg 768w, http:\/\/www.mbnp.archidiecezja.wroc.pl\/wp-content\/uploads\/2020\/08\/Maryja-Jasna-Gora2.jpg 1417w\" sizes=\"(max-width: 1024px) 100vw, 1024px\" \/><\/figure>\n\n\n\n<p>By\u0142 rok 1382 lub 1384. Ksi\u0105\u017c\u0119 W\u0142adys\u0142aw Opolczyk podr\u00f3\u017cowa\u0142 do Opola, wioz\u0105c na za\u0142adowanym po brzegi wozie znaleziony na zamku ksi\u0119cia ruskiego Lwa Dani\u0142owicza w Be\u0142zie obraz Matki Boskiej z Dzieci\u0105tkiem. W pobli\u017cu Cz\u0119stochowy konie nagle zatrzyma\u0142y si\u0119 i nie chcia\u0142y ruszy\u0107 z miejsca. A ksi\u0105\u017c\u0119 we \u015bnie otrzyma\u0142 polecenie, by przewo\u017cony obraz umie\u015bci\u0107 w pobliskim klasztorze. Od tej pory Jasna G\u00f3ra staje si\u0119 miejscem wyj\u0105tkowego kultu Matki Bo\u017cej, a Jej wizerunek, nazywany jasnog\u00f3rskim, otaczany jest szczeg\u00f3ln\u0105 czci\u0105 przez wiele pokole\u0144 Polak\u00f3w. W roku 1931, na skutek stara\u0144 genera\u0142a paulin\u00f3w Piotra Markiewicza, watyka\u0144ska Kongregacja Obrz\u0119d\u00f3w ustanowi\u0142a \u015bwi\u0119to Matki Boskiej Cz\u0119stochowskiej, kt\u00f3re jest obchodzone 26 sierpnia.<br><br>Nie ustalono, gdzie i kiedy powsta\u0142 obraz Matki Boskiej Cz\u0119stochowskiej, mimo \u017ce ca\u0142e pokolenia badaczy trudz\u0105 si\u0119 nad wyja\u015bnieniem tych kwestii. Wed\u0142ug jednej z legend, obraz mia\u0142 wykona\u0107 \u015bw. \u0141ukasz Ewangelista na desce pochodz\u0105cej ze sto\u0142u stoj\u0105cego w nazareta\u0144skim domu \u015awi\u0119tej Rodziny. \u015aw. Helena przywioz\u0142a go z Jerozolimy do Konstantynopola i podarowa\u0142a swemu synowi Konstantynowi Wielkiemu. Potem nale\u017ca\u0142 on do cesarza Karola Wielkiego, a wreszcie trafi\u0142 do r\u0105k ksi\u0119cia ruskiego Lwa Dani\u0142owicza, kt\u00f3ry ukry\u0142 obraz w zamku w Be\u0142zie, sk\u0105d zabra\u0142 go W\u0142adys\u0142aw Opolczyka<\/p>\n\n\n\n<figure class=\"wp-block-image\"><img alt=\"\"\/><\/figure>\n\n\n\n<figure class=\"wp-block-image\"><img decoding=\"async\" src=\"https:\/\/wf1.xcdn.pl\/files\/14\/07\/15\/428140_JASNA20GORA260805_HP78_42.jpg.webp\" alt=\"NMP Cz\u0119stochowska\"\/><\/figure>\n\n\n\n<p>Obraz jasnog\u00f3rski podobny jest do ikon, na kt\u00f3rych Matka Boska przedstawiana jest z Dzieci\u0105tkiem na lewym ramieniu jako Hodegetria, czyli Przewodniczka, Wskazuj\u0105ca Drog\u0119. W ikonografii terminem tym okre\u015bla si\u0119 konkretny spos\u00f3b przedstawiania Maryi z Dzieci\u0105tkiem, kt\u00f3ry obrazuje dogmat o wcieleniu Syna Bo\u017cego dla zbawienia cz\u0142owieka (w odr\u00f3\u017cnieniu od ikon przedstawiaj\u0105cych macierzy\u0144skie uczucia Maryi wobec Syna, bardziej eksponuj\u0105cych cz\u0142owiecze\u0144stwo Chrystusa, okre\u015blanych mianem Eleusa, Galaktotrofusa lub Kykkotissa).<br><br>Na cz\u0119stochowskim obrazie Matka Bo\u017ca przedstawiona jest wi\u0119c jako Hodegetria &#8211; z Dzieci\u0105tkiem na lewej r\u0119ce, praw\u0105 ma u\u0142o\u017con\u0105 na piersiach w taki spos\u00f3b, jakby wskazywa\u0142a na Syna. Ona nie skupia uwagi na sobie ani nie tuli zaborczo Dziecka, ale wskazuje na Syna jako na Emmanuela, przez kt\u00f3rego cz\u0142owiek wraca do Boga, dost\u0119puje zbawienia. Maryja przynios\u0142a \u015bwiatu Zbawc\u0119, nie zatrzymuje Jezusa dla siebie, ale oddaje Go cz\u0142owiekowi. U\u0142o\u017cenie prawej d\u0142oni Madonny wyra\u017ca prawd\u0119 o tym, \u017ce jest Ona przewodniczk\u0105 w wierze, \u017ce prowadzi do Syna. Na twarzy widoczny jest smutek, a jednocze\u015bnie jaka\u015b \u0142agodno\u015b\u0107 i spok\u00f3j, co podkre\u015bla godno\u015b\u0107 Boskiego macierzy\u0144stwa Maryi.<br><br><\/p>\n\n\n\n<figure class=\"wp-block-image\"><img decoding=\"async\" src=\"https:\/\/wf2.xcdn.pl\/files\/14\/07\/15\/428140_CZESTOCHOWA131010_HP08_42.jpg.webp\" alt=\"NMP Cz\u0119stochowska\"\/><\/figure>\n\n\n\n<p>Spos\u00f3b przedstawienia Dzieci\u0105tka charakterystyczny dla tego typu ikon &#8211; z g\u0142\u00f3wk\u0105 lekko uniesion\u0105 w stron\u0119 Matki, ale nie przytulon\u0105 do Niej, wzrokiem skierowanym na wprost, w lewej r\u0119ce trzymaj\u0105cego zw\u00f3j lub ksi\u0119g\u0119 Ewangelii, a praw\u0105 uniesion\u0105 w ge\u015bcie b\u0142ogos\u0142awie\u0144stwa &#8211; wyra\u017ca prawd\u0119, \u017ce Chrystus, chocia\u017c wcielony, a wi\u0119c wyobra\u017calny, jest zarazem Bogiem. Jego Boski majestat symbolizuje gest b\u0142ogos\u0142awie\u0144stwa i pe\u0142en godno\u015bci wyraz twarzy, a tak\u017ce ksi\u0119ga w lewej d\u0142oni &#8211; symbol S\u0142owa (Logosu), kt\u00f3re sta\u0142o si\u0119 Cia\u0142em, jak czytamy w Ewangelii wg \u015bw. Jana (zob. J1,1). Wynios\u0142a postawa przypomina o wyj\u0105tkowej misji, jak\u0105 ma do spe\u0142nienia na ziemi Syn Bo\u017cy &#8211; zbawienia \u015bwiata. Spos\u00f3b ukazywania postaci Madonny i Dzieci\u0105tka podkre\u015bla prawd\u0119, \u017ce macierzy\u0144stwo Maryi jest wyj\u0105tkowe, \u017ce jest Ona przede wszystkim Matk\u0105 Boga.<\/p>\n\n\n\n<p>W 1430 roku na jasnog\u00f3rski klasztor napad\u0142a banda zb\u00f3jc\u00f3w. Zrabowali naczynia liturgiczne i klasztorne skarby. Wdarli si\u0119 do kaplicy z Cudownym Obrazem, kt\u00f3ry po odarciu z kosztowno\u015bci sprofanowali. Twarz Madonny zosta\u0142a poci\u0119ta mieczem, a w ko\u0144cu ikona rozbita. Obraz zosta\u0142 poddany renowacji, jednak, aby zachowa\u0107 pami\u0119\u0107 o tym smutnym wydarzeniu, pozostawiono blizny na twarzy Matki Bo\u017cej.<br>S\u0105 obrazy o tematyce religijnej, kt\u00f3re nawet podobaj\u0105 si\u0119 ogl\u0105daj\u0105cym je, s\u0105 uznawane za arcydzie\u0142a, dostrzega si\u0119 w nich talent artysty, ale nie wp\u0142ywaj\u0105 na ich wiar\u0119 czy pobo\u017cno\u015b\u0107. A s\u0105 obrazy cudowne, s\u0142yn\u0105ce \u0142askami, kt\u00f3rych tw\u00f3rcom uda\u0142o si\u0119 uchwyci\u0107 i wyrazi\u0107 Tajemnice, kt\u00f3re zbli\u017caj\u0105 do Boga, przemieniaj\u0105 serce cz\u0142owieka. Takim obrazem jest wizerunek Czarnej Madonny z Jasnej G\u00f3ry.<\/p>\n","protected":false},"excerpt":{"rendered":"<p>Na cz\u0119stochowskim obrazie Matka Bo\u017ca przedstawiona jest jako Hodegetria &#8211; z Dzieci\u0105tkiem na lewej r\u0119ce, praw\u0105 ma u\u0142o\u017con\u0105 na piersiach w taki spos\u00f3b, jakby wskazywa\u0142a na Syna. By\u0142 rok 1382 &#8230;<\/p>\n","protected":false},"author":7,"featured_media":0,"comment_status":"closed","ping_status":"closed","sticky":false,"template":"","format":"standard","meta":[],"categories":[10],"tags":[],"_links":{"self":[{"href":"http:\/\/www.mbnp.archidiecezja.wroc.pl\/index.php?rest_route=\/wp\/v2\/posts\/4832"}],"collection":[{"href":"http:\/\/www.mbnp.archidiecezja.wroc.pl\/index.php?rest_route=\/wp\/v2\/posts"}],"about":[{"href":"http:\/\/www.mbnp.archidiecezja.wroc.pl\/index.php?rest_route=\/wp\/v2\/types\/post"}],"author":[{"embeddable":true,"href":"http:\/\/www.mbnp.archidiecezja.wroc.pl\/index.php?rest_route=\/wp\/v2\/users\/7"}],"replies":[{"embeddable":true,"href":"http:\/\/www.mbnp.archidiecezja.wroc.pl\/index.php?rest_route=%2Fwp%2Fv2%2Fcomments&post=4832"}],"version-history":[{"count":6,"href":"http:\/\/www.mbnp.archidiecezja.wroc.pl\/index.php?rest_route=\/wp\/v2\/posts\/4832\/revisions"}],"predecessor-version":[{"id":4840,"href":"http:\/\/www.mbnp.archidiecezja.wroc.pl\/index.php?rest_route=\/wp\/v2\/posts\/4832\/revisions\/4840"}],"wp:attachment":[{"href":"http:\/\/www.mbnp.archidiecezja.wroc.pl\/index.php?rest_route=%2Fwp%2Fv2%2Fmedia&parent=4832"}],"wp:term":[{"taxonomy":"category","embeddable":true,"href":"http:\/\/www.mbnp.archidiecezja.wroc.pl\/index.php?rest_route=%2Fwp%2Fv2%2Fcategories&post=4832"},{"taxonomy":"post_tag","embeddable":true,"href":"http:\/\/www.mbnp.archidiecezja.wroc.pl\/index.php?rest_route=%2Fwp%2Fv2%2Ftags&post=4832"}],"curies":[{"name":"wp","href":"https:\/\/api.w.org\/{rel}","templated":true}]}}