{"id":4816,"date":"2020-08-09T12:01:20","date_gmt":"2020-08-09T10:01:20","guid":{"rendered":"http:\/\/www.mbnp.archidiecezja.wroc.pl\/?p=4816"},"modified":"2020-10-06T18:59:35","modified_gmt":"2020-10-06T16:59:35","slug":"kosciol-wlacza-sie-w-pomoc-po-eksplozji-w-bejrucie","status":"publish","type":"post","link":"http:\/\/www.mbnp.archidiecezja.wroc.pl\/?p=4816","title":{"rendered":"Ko\u015bci\u00f3\u0142 w\u0142\u0105cza si\u0119 w pomoc po eksplozji w Bejrucie"},"content":{"rendered":"\n<figure class=\"wp-block-image\"><img decoding=\"async\" loading=\"lazy\" width=\"300\" height=\"200\" src=\"http:\/\/www.mbnp.archidiecezja.wroc.pl\/wp-content\/uploads\/2020\/08\/liban-300x200.jpg\" alt=\"\" class=\"wp-image-4818\"\/><\/figure>\n\n\n<p>Przewodnicz\u0105cy Episkopatu wezwa\u0142, aby we wszystkich ko\u015bcio\u0142ach i kaplicach w Polsce, w modlitwie powszechnej doda\u0107 wezwanie za \u017cywe i zmar\u0142e ofiary tragedii. Poprosi\u0142 tak\u017ce, aby tego dnia, przed wszystkimi ko\u015bcio\u0142ami i kaplicami w Polsce, po wszystkich Mszach \u015awi\u0119tych zorganizowa\u0107 zbi\u00f3rk\u0119 \u015brodk\u00f3w finansowych, kt\u00f3re zostan\u0105 przekazane na rzecz poszkodowanych za po\u015brednictwem Caritas Polska.<\/p>\n<p>Jednocze\u015bnie podzi\u0119kowa\u0142 wszystkim za ju\u017c ofiarowan\u0105 pomoc, \u201ezw\u0142aszcza polskim stra\u017cakom i medykom, kt\u00f3rzy nazajutrz po tragedii udali si\u0119 na miejsce wypadku, aby \u015bwiadczy\u0107 dora\u017an\u0105 pomoc i walczy\u0107 o zdrowie i \u017cycie ofiar tragedii\u201d. \u201eDzi\u0119kuj\u0119 ju\u017c dzi\u015b wszystkim, kt\u00f3rzy solidarnie i dobrodusznie wespr\u0105 ofiary wydarze\u0144 w Bejrucie\u201d \u2013 napisa\u0142 przewodnicz\u0105cy Episkopatu.<\/p>\n<p>4 sierpnia br. dosz\u0142o w Bejrucie do pot\u0119\u017cnej eksplozji materia\u0142\u00f3w wybuchowych. Wydarzenie okaza\u0142o si\u0119 tragiczne w skutkach, przynosz\u0105c 150 ofiar \u015bmiertelnych (a liczba ci\u0105gle wzrasta), ponad 5 tys. rannych i szkody materialne oszacowane na miliardy dolar\u00f3w.<\/p>\n<p>BP KEP<\/p>\n<p>Publikujemy pe\u0142n\u0105 tre\u015b\u0107 Apelu:<\/p>\n<p>Warszawa, dnia 7 sierpnia 2020 roku<\/p>\n<p>Apel Przewodnicz\u0105cego Konferencji Episkopatu Polski o pomoc dla mieszka\u0144c\u00f3w Bejrutu<\/p>\n<p>We wtorek dnia 4 sierpnia br. ca\u0142y \u015bwiat obieg\u0142y wstrz\u0105saj\u0105ce relacje z Bejrutu, w kt\u00f3rym dosz\u0142o do pot\u0119\u017cnej eksplozji materia\u0142\u00f3w wybuchowych. Wydarzenie okaza\u0142o si\u0119 tragiczne w skutkach, a skala zniszcze\u0144 \u2013 pora\u017caj\u0105ca. 150 ofiar \u015bmiertelnych (a liczba ci\u0105gle wzrasta), ponad 5 tys. rannych i szkody materialne opiewaj\u0105ce na miliardy dolar\u00f3w.<\/p>\n<p>Cierpi\u0105cy mieszka\u0144cy Bejrutu potrzebuj\u0105 naszej modlitwy oraz wsparcia materialnego. Jako Ko\u015bci\u00f3\u0142 w Polsce uruchomili\u015bmy natychmiast dost\u0119pne \u015brodki pomocowe za po\u015brednictwem Caritas Polska. Potrzeby s\u0105 jednak du\u017co wi\u0119ksze. Podobnie jak przychodzili\u015bmy z pomoc\u0105 ofiarom innych tragedii, r\u00f3wnie\u017c teraz chcemy pokaza\u0107 nasze szlachetne polskie serca i w spos\u00f3b konkretny da\u0107 wyraz naszej braterskiej mi\u0142o\u015bci.<\/p>\n<p>Zwracam si\u0119 wi\u0119c z gor\u0105cym apelem, aby niedziela 16 sierpnia br. sta\u0142a si\u0119 Dniem solidarno\u015bci z mieszka\u0144cami Bejrutu. Prosz\u0119, aby we wszystkich ko\u015bcio\u0142ach i kaplicach w Polsce, w modlitwie powszechnej doda\u0107 wezwanie za \u017cywe i zmar\u0142e ofiary tragedii. Prosz\u0119 r\u00f3wnie\u017c, aby tego dnia, przed wszystkimi ko\u015bcio\u0142ami i kaplicami w Polsce, po wszystkich Mszach \u015awi\u0119tych zorganizowa\u0107 zbi\u00f3rk\u0119 \u015brodk\u00f3w finansowych, kt\u00f3re za po\u015brednictwem Caritas Polska, zostan\u0105 przekazane na rzecz poszkodowanych.<\/p>\n<p>Dzi\u0119kuj\u0119 wszystkim za pomoc ju\u017c ofiarowan\u0105, zw\u0142aszcza polskim stra\u017cakom i medykom, kt\u00f3rzy nazajutrz po tragedii udali si\u0119 na miejsce wypadku, aby \u015bwiadczy\u0107 dora\u017an\u0105 pomoc i walczy\u0107 o zdrowie i \u017cycie ofiar tragedii. Dzi\u0119kuj\u0119 ju\u017c dzi\u015b wszystkim, kt\u00f3rzy solidarnie i dobrodusznie wespr\u0105 ofiary wydarze\u0144 w Bejrucie.<\/p>\n<p>Wszystkim z serca b\u0142ogos\u0142awi\u0119,<\/p>\n<p>+ Stanis\u0142aw G\u0105decki<\/p>\n<p><em>Arcybiskup Metropolita Pozna\u0144ski<\/em><\/p>\n<p><em>Przewodnicz\u0105cy Konferencji Episkopatu Polski<\/em><\/p>\n<p><em>Wiceprzewodnicz\u0105cy Rady Konferencji Episkopat\u00f3w Europy (CCEE)<\/em><\/p>","protected":false},"excerpt":{"rendered":"<p>Przewodnicz\u0105cy Episkopatu wezwa\u0142, aby we wszystkich ko\u015bcio\u0142ach i kaplicach w Polsce, w modlitwie powszechnej doda\u0107 wezwanie za \u017cywe i zmar\u0142e ofiary tragedii. Poprosi\u0142 tak\u017ce, aby tego dnia, przed wszystkimi ko\u015bcio\u0142ami &#8230;<\/p>\n","protected":false},"author":7,"featured_media":0,"comment_status":"closed","ping_status":"closed","sticky":false,"template":"","format":"standard","meta":[],"categories":[10],"tags":[],"_links":{"self":[{"href":"http:\/\/www.mbnp.archidiecezja.wroc.pl\/index.php?rest_route=\/wp\/v2\/posts\/4816"}],"collection":[{"href":"http:\/\/www.mbnp.archidiecezja.wroc.pl\/index.php?rest_route=\/wp\/v2\/posts"}],"about":[{"href":"http:\/\/www.mbnp.archidiecezja.wroc.pl\/index.php?rest_route=\/wp\/v2\/types\/post"}],"author":[{"embeddable":true,"href":"http:\/\/www.mbnp.archidiecezja.wroc.pl\/index.php?rest_route=\/wp\/v2\/users\/7"}],"replies":[{"embeddable":true,"href":"http:\/\/www.mbnp.archidiecezja.wroc.pl\/index.php?rest_route=%2Fwp%2Fv2%2Fcomments&post=4816"}],"version-history":[{"count":2,"href":"http:\/\/www.mbnp.archidiecezja.wroc.pl\/index.php?rest_route=\/wp\/v2\/posts\/4816\/revisions"}],"predecessor-version":[{"id":4819,"href":"http:\/\/www.mbnp.archidiecezja.wroc.pl\/index.php?rest_route=\/wp\/v2\/posts\/4816\/revisions\/4819"}],"wp:attachment":[{"href":"http:\/\/www.mbnp.archidiecezja.wroc.pl\/index.php?rest_route=%2Fwp%2Fv2%2Fmedia&parent=4816"}],"wp:term":[{"taxonomy":"category","embeddable":true,"href":"http:\/\/www.mbnp.archidiecezja.wroc.pl\/index.php?rest_route=%2Fwp%2Fv2%2Fcategories&post=4816"},{"taxonomy":"post_tag","embeddable":true,"href":"http:\/\/www.mbnp.archidiecezja.wroc.pl\/index.php?rest_route=%2Fwp%2Fv2%2Ftags&post=4816"}],"curies":[{"name":"wp","href":"https:\/\/api.w.org\/{rel}","templated":true}]}}