{"id":4731,"date":"2021-06-16T07:14:18","date_gmt":"2021-06-16T05:14:18","guid":{"rendered":"http:\/\/www.mbnp.archidiecezja.wroc.pl\/?p=4731"},"modified":"2022-01-02T13:15:57","modified_gmt":"2022-01-02T12:15:57","slug":"odpust-parafialny-2","status":"publish","type":"post","link":"http:\/\/www.mbnp.archidiecezja.wroc.pl\/?p=4731","title":{"rendered":"Odpust parafialny"},"content":{"rendered":"\n<p>W niedziel\u0119, 20 czerwca 2021r., b\u0119dziemy prze\u017cywa\u0107 uroczysto\u015b\u0107 odpustow\u0105 ku czci Naj\u015bwi\u0119tszej Maryi Panny Nieustaj\u0105cej Pomocy, naszej Patronki. Kazania odpustowe wyg\u0142osi i Mszy \u015bw. o godz. 12.30 b\u0119dzie przewodniczy\u0107 Ks. dr Piotr Duda, Sekretarz G\u0142\u00f3wny Papieskiego Wydzia\u0142u Teologicznego we Wroc\u0142awiu.<\/p>\n\n\n\n<figure class=\"wp-block-image\"><img decoding=\"async\" loading=\"lazy\" width=\"314\" height=\"363\" src=\"http:\/\/www.mbnp.archidiecezja.wroc.pl\/wp-content\/uploads\/2020\/06\/mbnp.png\" alt=\"\" class=\"wp-image-4732\" srcset=\"http:\/\/www.mbnp.archidiecezja.wroc.pl\/wp-content\/uploads\/2020\/06\/mbnp.png 314w, http:\/\/www.mbnp.archidiecezja.wroc.pl\/wp-content\/uploads\/2020\/06\/mbnp-260x300.png 260w\" sizes=\"(max-width: 314px) 100vw, 314px\" \/><\/figure>\n","protected":false},"excerpt":{"rendered":"<p>W niedziel\u0119, 20 czerwca 2021r., b\u0119dziemy prze\u017cywa\u0107 uroczysto\u015b\u0107 odpustow\u0105 ku czci Naj\u015bwi\u0119tszej Maryi Panny Nieustaj\u0105cej Pomocy, naszej Patronki. Kazania odpustowe wyg\u0142osi i Mszy \u015bw. o godz. 12.30 b\u0119dzie przewodniczy\u0107 Ks. &#8230;<\/p>\n","protected":false},"author":7,"featured_media":0,"comment_status":"closed","ping_status":"closed","sticky":false,"template":"","format":"standard","meta":[],"categories":[10],"tags":[],"_links":{"self":[{"href":"http:\/\/www.mbnp.archidiecezja.wroc.pl\/index.php?rest_route=\/wp\/v2\/posts\/4731"}],"collection":[{"href":"http:\/\/www.mbnp.archidiecezja.wroc.pl\/index.php?rest_route=\/wp\/v2\/posts"}],"about":[{"href":"http:\/\/www.mbnp.archidiecezja.wroc.pl\/index.php?rest_route=\/wp\/v2\/types\/post"}],"author":[{"embeddable":true,"href":"http:\/\/www.mbnp.archidiecezja.wroc.pl\/index.php?rest_route=\/wp\/v2\/users\/7"}],"replies":[{"embeddable":true,"href":"http:\/\/www.mbnp.archidiecezja.wroc.pl\/index.php?rest_route=%2Fwp%2Fv2%2Fcomments&post=4731"}],"version-history":[{"count":6,"href":"http:\/\/www.mbnp.archidiecezja.wroc.pl\/index.php?rest_route=\/wp\/v2\/posts\/4731\/revisions"}],"predecessor-version":[{"id":5364,"href":"http:\/\/www.mbnp.archidiecezja.wroc.pl\/index.php?rest_route=\/wp\/v2\/posts\/4731\/revisions\/5364"}],"wp:attachment":[{"href":"http:\/\/www.mbnp.archidiecezja.wroc.pl\/index.php?rest_route=%2Fwp%2Fv2%2Fmedia&parent=4731"}],"wp:term":[{"taxonomy":"category","embeddable":true,"href":"http:\/\/www.mbnp.archidiecezja.wroc.pl\/index.php?rest_route=%2Fwp%2Fv2%2Fcategories&post=4731"},{"taxonomy":"post_tag","embeddable":true,"href":"http:\/\/www.mbnp.archidiecezja.wroc.pl\/index.php?rest_route=%2Fwp%2Fv2%2Ftags&post=4731"}],"curies":[{"name":"wp","href":"https:\/\/api.w.org\/{rel}","templated":true}]}}