{"id":4668,"date":"2020-05-29T07:22:16","date_gmt":"2020-05-29T05:22:16","guid":{"rendered":"http:\/\/www.mbnp.archidiecezja.wroc.pl\/?p=4668"},"modified":"2020-07-04T09:23:14","modified_gmt":"2020-07-04T07:23:14","slug":"25-lecie-kaplanstwa-ks-proboszcza-zbigniewa-ordy","status":"publish","type":"post","link":"http:\/\/www.mbnp.archidiecezja.wroc.pl\/?p=4668","title":{"rendered":"25-lecie kap\u0142a\u0144stwa ks. Proboszcza Zbigniewa Ordy"},"content":{"rendered":"\n<figure class=\"wp-block-image\"><img decoding=\"async\" loading=\"lazy\" width=\"319\" height=\"480\" src=\"http:\/\/www.mbnp.archidiecezja.wroc.pl\/wp-content\/uploads\/2020\/05\/Msza_Piatek_2.jpg\" alt=\"\" class=\"wp-image-4670\" srcset=\"http:\/\/www.mbnp.archidiecezja.wroc.pl\/wp-content\/uploads\/2020\/05\/Msza_Piatek_2.jpg 319w, http:\/\/www.mbnp.archidiecezja.wroc.pl\/wp-content\/uploads\/2020\/05\/Msza_Piatek_2-199x300.jpg 199w\" sizes=\"(max-width: 319px) 100vw, 319px\" \/><figcaption>SONY DSC<\/figcaption><\/figure>\n\n\n<p>27 maja br. przypada 25 rocznica \u015bwi\u0119ce\u0144 prezbiteratu ks. Proboszcza Zbigniewa Ordy. Uroczysto\u015bci jubileuszowe obchodzone b\u0119d\u0105 w niedziel\u0119 31 maja br., o godz. 12:30. Z racji konieczno\u015bci zachowania &#8222;dystansu spo\u0142ecznego&#8221; (odleg\u0142o\u015b\u0107 2m pomi\u0119dzy uczestnikami- nie dotyczy rodzin) w Mszy \u015bw. b\u0119dzie mo\u017cna r\u00f3wnie\u017c uczestniczy\u0107\u00a0 pozostaj\u0105c na placu ko\u015bcielnym, gdzie b\u0119d\u0105 ustawione \u0142awki i pod\u0142\u0105czone nag\u0142o\u015bnienie. Zach\u0119camy wszystkich do dzi\u0119kczynnej modlitwy za dar kap\u0142a\u0144stwa i pos\u0142ugi w naszej Parafii ks. Proboszcza Zbigniewa Ordy.<\/p>\n\n\n<figure class=\"wp-block-image\"><img decoding=\"async\" loading=\"lazy\" width=\"236\" height=\"300\" src=\"http:\/\/www.mbnp.archidiecezja.wroc.pl\/wp-content\/uploads\/2020\/05\/Z.-Orda-1-236x300.jpeg\" alt=\"\" class=\"wp-image-4686\" srcset=\"http:\/\/www.mbnp.archidiecezja.wroc.pl\/wp-content\/uploads\/2020\/05\/Z.-Orda-1-236x300.jpeg 236w, http:\/\/www.mbnp.archidiecezja.wroc.pl\/wp-content\/uploads\/2020\/05\/Z.-Orda-1-768x976.jpeg 768w, http:\/\/www.mbnp.archidiecezja.wroc.pl\/wp-content\/uploads\/2020\/05\/Z.-Orda-1-806x1024.jpeg 806w, http:\/\/www.mbnp.archidiecezja.wroc.pl\/wp-content\/uploads\/2020\/05\/Z.-Orda-1.jpeg 1157w\" sizes=\"(max-width: 236px) 100vw, 236px\" \/><figcaption>\u015awi\u0119cenia kap\u0142a\u0144skie ks. Z. Ordy, 27 maja 1995<\/figcaption><\/figure>\n\n\n\n<ul class=\"wp-block-gallery columns-2 wp-block-gallery-1 is-layout-flex\"><li class=\"blocks-gallery-item\"><figure><img decoding=\"async\" loading=\"lazy\" width=\"1024\" height=\"706\" src=\"http:\/\/www.mbnp.archidiecezja.wroc.pl\/wp-content\/uploads\/2020\/05\/Z.-Orda-3-1024x706.jpeg\" alt=\"\" data-id=\"4689\" data-link=\"http:\/\/www.mbnp.archidiecezja.wroc.pl\/?attachment_id=4689\" class=\"wp-image-4689\" srcset=\"http:\/\/www.mbnp.archidiecezja.wroc.pl\/wp-content\/uploads\/2020\/05\/Z.-Orda-3-1024x706.jpeg 1024w, http:\/\/www.mbnp.archidiecezja.wroc.pl\/wp-content\/uploads\/2020\/05\/Z.-Orda-3-300x207.jpeg 300w, http:\/\/www.mbnp.archidiecezja.wroc.pl\/wp-content\/uploads\/2020\/05\/Z.-Orda-3-768x530.jpeg 768w, http:\/\/www.mbnp.archidiecezja.wroc.pl\/wp-content\/uploads\/2020\/05\/Z.-Orda-3.jpeg 1649w\" sizes=\"(max-width: 1024px) 100vw, 1024px\" \/><figcaption>\u015awi\u0119cenia kap\u0142a\u0144skie<\/figcaption><\/figure><\/li><li class=\"blocks-gallery-item\"><figure><img decoding=\"async\" loading=\"lazy\" width=\"594\" height=\"1024\" src=\"http:\/\/www.mbnp.archidiecezja.wroc.pl\/wp-content\/uploads\/2020\/05\/Z.-Orda-obrazek-594x1024.jpeg\" alt=\"\" data-id=\"4690\" data-link=\"http:\/\/www.mbnp.archidiecezja.wroc.pl\/?attachment_id=4690\" class=\"wp-image-4690\" srcset=\"http:\/\/www.mbnp.archidiecezja.wroc.pl\/wp-content\/uploads\/2020\/05\/Z.-Orda-obrazek-594x1024.jpeg 594w, http:\/\/www.mbnp.archidiecezja.wroc.pl\/wp-content\/uploads\/2020\/05\/Z.-Orda-obrazek-174x300.jpeg 174w, http:\/\/www.mbnp.archidiecezja.wroc.pl\/wp-content\/uploads\/2020\/05\/Z.-Orda-obrazek.jpeg 650w\" sizes=\"(max-width: 594px) 100vw, 594px\" \/><figcaption>Obrazek prymicyjny<\/figcaption><\/figure><\/li><\/ul>\n\n\n\n<ul class=\"wp-block-gallery columns-1 is-cropped wp-block-gallery-3 is-layout-flex\"><li class=\"blocks-gallery-item\"><figure><img decoding=\"async\" loading=\"lazy\" width=\"1024\" height=\"686\" src=\"http:\/\/www.mbnp.archidiecezja.wroc.pl\/wp-content\/uploads\/2020\/05\/Z.-Orda-2-1024x686.jpeg\" alt=\"\" data-id=\"4687\" data-link=\"http:\/\/www.mbnp.archidiecezja.wroc.pl\/?attachment_id=4687\" class=\"wp-image-4687\" srcset=\"http:\/\/www.mbnp.archidiecezja.wroc.pl\/wp-content\/uploads\/2020\/05\/Z.-Orda-2-1024x686.jpeg 1024w, http:\/\/www.mbnp.archidiecezja.wroc.pl\/wp-content\/uploads\/2020\/05\/Z.-Orda-2-300x201.jpeg 300w, http:\/\/www.mbnp.archidiecezja.wroc.pl\/wp-content\/uploads\/2020\/05\/Z.-Orda-2-768x515.jpeg 768w, http:\/\/www.mbnp.archidiecezja.wroc.pl\/wp-content\/uploads\/2020\/05\/Z.-Orda-2.jpeg 1665w\" sizes=\"(max-width: 1024px) 100vw, 1024px\" \/><figcaption>Kap\u0142ani wy\u015bwi\u0119ceni 27 maja 1995r. w Katedrze Wroc\u0142awskiej<\/figcaption><\/figure><\/li><\/ul>\n","protected":false},"excerpt":{"rendered":"<p>27 maja br. przypada 25 rocznica \u015bwi\u0119ce\u0144 prezbiteratu ks. Proboszcza Zbigniewa Ordy. Uroczysto\u015bci jubileuszowe obchodzone b\u0119d\u0105 w niedziel\u0119 31 maja br., o godz. 12:30. Z racji konieczno\u015bci zachowania &#8222;dystansu spo\u0142ecznego&#8221; &#8230;<\/p>\n","protected":false},"author":7,"featured_media":0,"comment_status":"closed","ping_status":"closed","sticky":false,"template":"","format":"standard","meta":[],"categories":[10],"tags":[],"_links":{"self":[{"href":"http:\/\/www.mbnp.archidiecezja.wroc.pl\/index.php?rest_route=\/wp\/v2\/posts\/4668"}],"collection":[{"href":"http:\/\/www.mbnp.archidiecezja.wroc.pl\/index.php?rest_route=\/wp\/v2\/posts"}],"about":[{"href":"http:\/\/www.mbnp.archidiecezja.wroc.pl\/index.php?rest_route=\/wp\/v2\/types\/post"}],"author":[{"embeddable":true,"href":"http:\/\/www.mbnp.archidiecezja.wroc.pl\/index.php?rest_route=\/wp\/v2\/users\/7"}],"replies":[{"embeddable":true,"href":"http:\/\/www.mbnp.archidiecezja.wroc.pl\/index.php?rest_route=%2Fwp%2Fv2%2Fcomments&post=4668"}],"version-history":[{"count":16,"href":"http:\/\/www.mbnp.archidiecezja.wroc.pl\/index.php?rest_route=\/wp\/v2\/posts\/4668\/revisions"}],"predecessor-version":[{"id":4699,"href":"http:\/\/www.mbnp.archidiecezja.wroc.pl\/index.php?rest_route=\/wp\/v2\/posts\/4668\/revisions\/4699"}],"wp:attachment":[{"href":"http:\/\/www.mbnp.archidiecezja.wroc.pl\/index.php?rest_route=%2Fwp%2Fv2%2Fmedia&parent=4668"}],"wp:term":[{"taxonomy":"category","embeddable":true,"href":"http:\/\/www.mbnp.archidiecezja.wroc.pl\/index.php?rest_route=%2Fwp%2Fv2%2Fcategories&post=4668"},{"taxonomy":"post_tag","embeddable":true,"href":"http:\/\/www.mbnp.archidiecezja.wroc.pl\/index.php?rest_route=%2Fwp%2Fv2%2Ftags&post=4668"}],"curies":[{"name":"wp","href":"https:\/\/api.w.org\/{rel}","templated":true}]}}