{"id":4651,"date":"2020-05-13T15:47:50","date_gmt":"2020-05-13T13:47:50","guid":{"rendered":"http:\/\/www.mbnp.archidiecezja.wroc.pl\/?p=4651"},"modified":"2020-06-07T08:02:21","modified_gmt":"2020-06-07T06:02:21","slug":"100-rocznica-urodzin-jana-pawla-ii","status":"publish","type":"post","link":"http:\/\/www.mbnp.archidiecezja.wroc.pl\/?p=4651","title":{"rendered":"100. rocznica urodzin Jana Paw\u0142a II"},"content":{"rendered":"\n<p>17 maja, o godz. 12:00, w naszym ko\u015bciele  odb\u0119dzie si\u0119 nabo\u017ce\u0144stwo ku czci \u015bw. Jana Paw\u0142a II z okazji jego 100. rocznicy urodzin.  Z tej te\u017c okazji Biuro Programu \u201eNiepodleg\u0142a\u201d zaprasza na wyj\u0105tkowy koncert. Niepowtarzalne widowisko muzyczne, przygotowane z udzia\u0142em znanych artyst\u00f3w, mo\u017cna b\u0119dzie zobaczy\u0107 lub us\u0142ysze\u0107 ju\u017c 18 maja 2020 roku o godz. 18:00 na antenach TVP1, radiowej Jedynki i na kanale Programu \u201eNiepodleg\u0142a\u201d na  Youtube.<\/p>\n\n\n\n<figure class=\"wp-block-image\"><img decoding=\"async\" loading=\"lazy\" width=\"741\" height=\"1024\" src=\"http:\/\/www.mbnp.archidiecezja.wroc.pl\/wp-content\/uploads\/2020\/05\/santosubito-741x1024.jpg\" alt=\"\" class=\"wp-image-4653\" srcset=\"http:\/\/www.mbnp.archidiecezja.wroc.pl\/wp-content\/uploads\/2020\/05\/santosubito-741x1024.jpg 741w, http:\/\/www.mbnp.archidiecezja.wroc.pl\/wp-content\/uploads\/2020\/05\/santosubito-217x300.jpg 217w, http:\/\/www.mbnp.archidiecezja.wroc.pl\/wp-content\/uploads\/2020\/05\/santosubito-768x1061.jpg 768w, http:\/\/www.mbnp.archidiecezja.wroc.pl\/wp-content\/uploads\/2020\/05\/santosubito.jpg 1200w\" sizes=\"(max-width: 741px) 100vw, 741px\" \/><\/figure>\n\n\n\n<p>Koncert jest jednym z wydarze\u0144 przygotowanych na stulecie urodzin Jana Paw\u0142a II. Biuro Programu \u201eNiepodleg\u0142a\u201d zrealizowa\u0142o r\u00f3wnie\u017c dokument we wsp\u00f3\u0142pracy z TVP \u201e\u015awiat wed\u0142ug Jana Paw\u0142a II\u201d oraz podcast \u2013 rozmow\u0119 z ks. Mateuszem Hosaj\u0105 o \u017cyciu i pontyfikacie Papie\u017ca \u201eWydarzy\u0142o si\u0119 100 lat temu\u201d we wsp\u00f3\u0142pracy z dziennikiem Rzeczpospolita.<\/p>\n\n\n\n<p>\u2013 Koncert jest najwi\u0119kszym przedsi\u0119wzi\u0119ciem realizowanym przez nas podczas obchod\u00f3w setnych urodzin Ojca \u015awi\u0119tego. Zapraszamy na widowisko, kt\u00f3re przybli\u017cy najwa\u017cniejsze przes\u0142ania pontyfikatu \u015awi\u0119tego Jana Paw\u0142a II. Kolejne cz\u0119\u015bci koncertu przypomn\u0105 nam wyzwania, kt\u00f3re postawi\u0142 przed nami Papie\u017c Polak i wskaz\u00f3wki, kt\u00f3rymi mo\u017cemy si\u0119 kierowa\u0107 w \u017cyciu \u2013 opowiada&nbsp;Jan Edmund Kowalski, dyrektor Biura Programu \u201eNiepodleg\u0142a\u201d. \u2013 Wydarzenie zarejestrowali\u015bmy we wsp\u00f3\u0142pracy z Centrum Jana Paw\u0142a II \u201eNie l\u0119kajcie si\u0119\u201d w Krakowie i przy wsparciu Archidiecezji Krakowskiej. Dzi\u0119ki temu mogli\u015bmy przygotowa\u0107 w Sanktuarium \u015awi\u0119tego Jana Paw\u0142a II w Krakowie wyj\u0105tkowe widowisko, kt\u00f3re na d\u0142ugo zapadnie w pami\u0119ci widz\u00f3w. Zadbali\u015bmy nie tylko o walory muzyczne, ale i wizualne. Wykorzystali\u015bmy mozaiki, wykonane dla Sanktuarium przez grup\u0119 artyst\u00f3w z Centrum Badawczego Ezio Aletti Papieskiego Instytutu Wschodniego pod kierunkiem Ojca Marko Ivana Rupnika. Poszczeg\u00f3lne mozaiki pos\u0142u\u017cy\u0142y nam jako t\u0142o dla artyst\u00f3w przy r\u00f3\u017cnych utworach, tak aby obraz wzmocni\u0142 przes\u0142anie utwor\u00f3w i lepiej ukaza\u0142 warto\u015bci, do kt\u00f3rych nawi\u0105zujemy \u2013 t\u0142umaczy Jan Kowalski.<\/p>\n\n\n\n<p>Widz\u00f3w powitaj\u0105 Arcybiskup Senior Archidiecezji Krakowskiej, Kardyna\u0142 Prezbiter&nbsp;Stanis\u0142aw&nbsp;Dziwisz&nbsp;oraz Kanonik Krakowskiej Kapitu\u0142y Katedralnej, Kustosz Sanktuarium \u015awi\u0119tego Jana Paw\u0142a II ks.&nbsp;Mateusz Hosaja. Ze wzgl\u0119du na pandemi\u0119, koncert rozpocznie si\u0119 pie\u015bni\u0105 b\u0142agaln\u0105, \u201e\u015awi\u0119ty Bo\u017ce\u201d, kt\u00f3ra od wiek\u00f3w \u015bpiewana jest w intencji ochrony przed kl\u0119skami \u017cywio\u0142owymi i nieszcz\u0119\u015bciami. Podczas koncertu zabrzmi\u0105 tak\u017ce: \u201eOsiem b\u0142ogos\u0142awie\u0144stw\u201d, \u201eBarka\u201d, \u201eJezus Najwy\u017csze imi\u0119\u201d, \u201eWiruju Hospody\u201d, \u201eNowa Wie\u017ca Babel\u201d, \u201eWszystka moja nadzieja\u201d, \u201ePsalm\u201d<\/p>\n","protected":false},"excerpt":{"rendered":"<p>17 maja, o godz. 12:00, w naszym ko\u015bciele odb\u0119dzie si\u0119 nabo\u017ce\u0144stwo ku czci \u015bw. Jana Paw\u0142a II z okazji jego 100. rocznicy urodzin. Z tej te\u017c okazji Biuro Programu \u201eNiepodleg\u0142a\u201d &#8230;<\/p>\n","protected":false},"author":7,"featured_media":0,"comment_status":"closed","ping_status":"closed","sticky":false,"template":"","format":"standard","meta":[],"categories":[10],"tags":[],"_links":{"self":[{"href":"http:\/\/www.mbnp.archidiecezja.wroc.pl\/index.php?rest_route=\/wp\/v2\/posts\/4651"}],"collection":[{"href":"http:\/\/www.mbnp.archidiecezja.wroc.pl\/index.php?rest_route=\/wp\/v2\/posts"}],"about":[{"href":"http:\/\/www.mbnp.archidiecezja.wroc.pl\/index.php?rest_route=\/wp\/v2\/types\/post"}],"author":[{"embeddable":true,"href":"http:\/\/www.mbnp.archidiecezja.wroc.pl\/index.php?rest_route=\/wp\/v2\/users\/7"}],"replies":[{"embeddable":true,"href":"http:\/\/www.mbnp.archidiecezja.wroc.pl\/index.php?rest_route=%2Fwp%2Fv2%2Fcomments&post=4651"}],"version-history":[{"count":3,"href":"http:\/\/www.mbnp.archidiecezja.wroc.pl\/index.php?rest_route=\/wp\/v2\/posts\/4651\/revisions"}],"predecessor-version":[{"id":4655,"href":"http:\/\/www.mbnp.archidiecezja.wroc.pl\/index.php?rest_route=\/wp\/v2\/posts\/4651\/revisions\/4655"}],"wp:attachment":[{"href":"http:\/\/www.mbnp.archidiecezja.wroc.pl\/index.php?rest_route=%2Fwp%2Fv2%2Fmedia&parent=4651"}],"wp:term":[{"taxonomy":"category","embeddable":true,"href":"http:\/\/www.mbnp.archidiecezja.wroc.pl\/index.php?rest_route=%2Fwp%2Fv2%2Fcategories&post=4651"},{"taxonomy":"post_tag","embeddable":true,"href":"http:\/\/www.mbnp.archidiecezja.wroc.pl\/index.php?rest_route=%2Fwp%2Fv2%2Ftags&post=4651"}],"curies":[{"name":"wp","href":"https:\/\/api.w.org\/{rel}","templated":true}]}}